{"id":2259,"date":"2026-08-03T10:53:41","date_gmt":"2026-08-03T15:53:41","guid":{"rendered":"https:\/\/qronews.info\/?p=2259"},"modified":"2026-09-02T10:54:48","modified_gmt":"2026-09-02T15:54:48","slug":"atiende-gobierno-de-quintana-roo-demanda-historica-de-calderitas-con-el-inicio-este-lunes-de-la-nueva-ruta-calderitas","status":"publish","type":"post","link":"https:\/\/qronews.info\/?p=2259","title":{"rendered":"Atiende Gobierno de Quintana Roo demanda hist\u00f3rica de Calderitas con el inicio este lunes de la nueva Ruta Calderitas"},"content":{"rendered":"\n<p class=\"wp-block-paragraph\">Como parte del programa Tu Ruta Chetumal <br><br>-Del 3 al 9 de agosto, el servicio ser\u00e1 gratuito<br><br>Chetumal.- Una demanda hist\u00f3rica de Calderitas comienza a hacerse realidad con el inicio de una nueva ruta de transporte p\u00fablico. Despu\u00e9s de a\u00f1os de ser una de las principales necesidades de las familias, este lunes inici\u00f3 el servicio de la Ruta Calderitas, que fortalece la movilidad entre esta comunidad y la capital del estado como parte del programa Tu Ruta Chetumal, impulsado por la gobernadora Mara Lezama a trav\u00e9s del Instituto de Movilidad del Estado de Quintana Roo (IMOVEQROO).<br><br>El titular de IMOVEQROO Rafael Hern\u00e1ndez Kotasek explic\u00f3 que, durante la primera semana de operaci\u00f3n, del 3 al 9 de agosto, el servicio ser\u00e1 gratuito, permitiendo que la ciudadan\u00eda conozca el recorrido, los horarios y los beneficios de esta nueva ruta, adem\u00e1s de aportar observaciones que contribuyan a su consolidaci\u00f3n.<br><br>La Ruta Calderitas representa una respuesta a una necesidad hist\u00f3rica de movilidad para miles de habitantes, al beneficiar directamente a 41 mil 287 personas y ofrecer cobertura a 44 colonias, 59 escuelas, 15 mil 605 viviendas y 2 mil 463 unidades econ\u00f3micas, acercando a las familias a sus centros de estudio, trabajo, atenci\u00f3n m\u00e9dica, comercio y espacios de convivencia.<br><br>El recorrido inicia y concluye en el parque de la zona costera de Calderitas y conecta puntos estrat\u00e9gicos como el Mirador, la telesecundaria \u201cJes\u00fas Mart\u00ednez Ross\u201d, el \u201cEstadio Pascual Cruz Burgos\u201d, el \u201cCentro Deportivo Mostrenco\u201d, oficinas del IEQROO, los hospitales Naval y Materno Infantil Morelos, as\u00ed como el Parque de Los Caimanes, fortaleciendo la conectividad de la zona.<br><br>La Ruta Calderitas opera de lunes a domingo, de 06:00 a 22:00 horas, con una frecuencia aproximada de 15 minutos, reduciendo los tiempos de espera y brindando un servicio m\u00e1s eficiente y accesible.<br><br>Con esta nueva ruta, el IMOVEQROO contin\u00faa avanzando en la transformaci\u00f3n de la movilidad en Chetumal, con soluciones que responden a las necesidades reales de la poblaci\u00f3n y contribuyen a construir un transporte p\u00fablico m\u00e1s cercano, seguro, eficiente y con sentido social para las y los quintanarroenses como se establece en el Nuevo Acuerdo por el Bienestar y Desarrollo de Quintana Roo, que promueve la gobernadora Mara Lezama Espinosa.<br><br>cgc.qroo.gob.mx<br>qroo.gob.mx<\/p>\n","protected":false},"excerpt":{"rendered":"<p>Como parte del programa Tu Ruta Chetumal -Del 3 al 9 de agosto, el servicio ser\u00e1 gratuito Chetumal.- Una demanda hist\u00f3rica de Calderitas comienza a hacerse realidad con el inicio de una nueva ruta de transporte p\u00fablico. Despu\u00e9s de a\u00f1os de ser una de las principales necesidades de las familias, este lunes inici\u00f3 el servicio [&hellip;]<\/p>\n","protected":false},"author":1,"featured_media":2258,"comment_status":"open","ping_status":"open","sticky":false,"template":"","format":"standard","meta":{"_jetpack_newsletter_access":"","_jetpack_dont_email_post_to_subs":false,"_jetpack_newsletter_tier_id":0,"_jetpack_memberships_contains_paywalled_content":false,"_jetpack_memberships_contains_paid_content":false,"footnotes":""},"categories":[4,5],"tags":[],"class_list":["post-2259","post","type-post","status-publish","format-standard","has-post-thumbnail","hentry","category-estados","category-mas-recientes"],"yoast_head":"<!-- This site is optimized with the Yoast SEO plugin v28.4 - https:\/\/yoast.com\/product\/yoast-seo-wordpress\/ -->\n<title>Atiende Gobierno de Quintana Roo demanda hist\u00f3rica de Calderitas con el inicio este lunes de la nueva Ruta Calderitas - QRONEWS<\/title>\n<meta name=\"robots\" content=\"index, follow, max-snippet:-1, max-image-preview:large, max-video-preview:-1\" \/>\n<link rel=\"canonical\" href=\"https:\/\/qronews.info\/?p=2259\" \/>\n<meta property=\"og:locale\" content=\"es_ES\" \/>\n<meta property=\"og:type\" content=\"article\" \/>\n<meta property=\"og:title\" content=\"Atiende Gobierno de Quintana Roo demanda hist\u00f3rica de Calderitas con el inicio este lunes de la nueva Ruta Calderitas - QRONEWS\" \/>\n<meta property=\"og:description\" content=\"Como parte del programa Tu Ruta Chetumal -Del 3 al 9 de agosto, el servicio ser\u00e1 gratuito Chetumal.- Una demanda hist\u00f3rica de Calderitas comienza a hacerse realidad con el inicio de una nueva ruta de transporte p\u00fablico. Despu\u00e9s de a\u00f1os de ser una de las principales necesidades de las familias, este lunes inici\u00f3 el servicio [&hellip;]\" \/>\n<meta property=\"og:url\" content=\"https:\/\/qronews.info\/?p=2259\" \/>\n<meta property=\"og:site_name\" content=\"QRONEWS\" \/>\n<meta property=\"article:published_time\" content=\"2026-08-03T15:53:41+00:00\" \/>\n<meta property=\"article:modified_time\" content=\"2026-09-02T15:54:48+00:00\" \/>\n<meta property=\"og:image\" content=\"https:\/\/qronews.info\/wp-content\/uploads\/2026\/09\/IMG-20260803-WA0007.jpg\" \/>\n\t<meta property=\"og:image:width\" content=\"1600\" \/>\n\t<meta property=\"og:image:height\" content=\"1200\" \/>\n\t<meta property=\"og:image:type\" content=\"image\/jpeg\" \/>\n<meta name=\"author\" content=\"admin\" \/>\n<meta name=\"twitter:card\" content=\"summary_large_image\" \/>\n<meta name=\"twitter:label1\" content=\"Escrito por\" \/>\n\t<meta name=\"twitter:data1\" content=\"admin\" \/>\n\t<meta name=\"twitter:label2\" content=\"Tiempo de lectura\" \/>\n\t<meta name=\"twitter:data2\" content=\"2 minutos\" \/>\n<script type=\"application\/ld+json\" class=\"yoast-schema-graph\">{\"@context\":\"https:\\\/\\\/schema.org\",\"@graph\":[{\"@type\":\"Article\",\"@id\":\"https:\\\/\\\/qronews.info\\\/?p=2259#article\",\"isPartOf\":{\"@id\":\"https:\\\/\\\/qronews.info\\\/?p=2259\"},\"author\":{\"name\":\"admin\",\"@id\":\"https:\\\/\\\/qronews.info\\\/#\\\/schema\\\/person\\\/a61b4145afe681f030552547c001d400\"},\"headline\":\"Atiende Gobierno de Quintana Roo demanda hist\u00f3rica de Calderitas con el inicio este lunes de la nueva Ruta Calderitas\",\"datePublished\":\"2026-08-03T15:53:41+00:00\",\"dateModified\":\"2026-09-02T15:54:48+00:00\",\"mainEntityOfPage\":{\"@id\":\"https:\\\/\\\/qronews.info\\\/?p=2259\"},\"wordCount\":400,\"commentCount\":0,\"image\":{\"@id\":\"https:\\\/\\\/qronews.info\\\/?p=2259#primaryimage\"},\"thumbnailUrl\":\"https:\\\/\\\/qronews.info\\\/wp-content\\\/uploads\\\/2026\\\/09\\\/IMG-20260803-WA0007.jpg\",\"articleSection\":[\"Estado\",\"M\u00e1s recientes\"],\"inLanguage\":\"es\",\"potentialAction\":[{\"@type\":\"CommentAction\",\"name\":\"Comment\",\"target\":[\"https:\\\/\\\/qronews.info\\\/?p=2259#respond\"]}]},{\"@type\":\"WebPage\",\"@id\":\"https:\\\/\\\/qronews.info\\\/?p=2259\",\"url\":\"https:\\\/\\\/qronews.info\\\/?p=2259\",\"name\":\"Atiende Gobierno de Quintana Roo demanda hist\u00f3rica de Calderitas con el inicio este lunes de la nueva Ruta Calderitas - QRONEWS\",\"isPartOf\":{\"@id\":\"https:\\\/\\\/qronews.info\\\/#website\"},\"primaryImageOfPage\":{\"@id\":\"https:\\\/\\\/qronews.info\\\/?p=2259#primaryimage\"},\"image\":{\"@id\":\"https:\\\/\\\/qronews.info\\\/?p=2259#primaryimage\"},\"thumbnailUrl\":\"https:\\\/\\\/qronews.info\\\/wp-content\\\/uploads\\\/2026\\\/09\\\/IMG-20260803-WA0007.jpg\",\"datePublished\":\"2026-08-03T15:53:41+00:00\",\"dateModified\":\"2026-09-02T15:54:48+00:00\",\"author\":{\"@id\":\"https:\\\/\\\/qronews.info\\\/#\\\/schema\\\/person\\\/a61b4145afe681f030552547c001d400\"},\"breadcrumb\":{\"@id\":\"https:\\\/\\\/qronews.info\\\/?p=2259#breadcrumb\"},\"inLanguage\":\"es\",\"potentialAction\":[{\"@type\":\"ReadAction\",\"target\":[\"https:\\\/\\\/qronews.info\\\/?p=2259\"]}]},{\"@type\":\"ImageObject\",\"inLanguage\":\"es\",\"@id\":\"https:\\\/\\\/qronews.info\\\/?p=2259#primaryimage\",\"url\":\"https:\\\/\\\/qronews.info\\\/wp-content\\\/uploads\\\/2026\\\/09\\\/IMG-20260803-WA0007.jpg\",\"contentUrl\":\"https:\\\/\\\/qronews.info\\\/wp-content\\\/uploads\\\/2026\\\/09\\\/IMG-20260803-WA0007.jpg\",\"width\":1600,\"height\":1200},{\"@type\":\"BreadcrumbList\",\"@id\":\"https:\\\/\\\/qronews.info\\\/?p=2259#breadcrumb\",\"itemListElement\":[{\"@type\":\"ListItem\",\"position\":1,\"name\":\"Portada\",\"item\":\"https:\\\/\\\/qronews.info\\\/\"},{\"@type\":\"ListItem\",\"position\":2,\"name\":\"Atiende Gobierno de Quintana Roo demanda hist\u00f3rica de Calderitas con el inicio este lunes de la nueva Ruta Calderitas\"}]},{\"@type\":\"WebSite\",\"@id\":\"https:\\\/\\\/qronews.info\\\/#website\",\"url\":\"https:\\\/\\\/qronews.info\\\/\",\"name\":\"QRONEWS\",\"description\":\"La verdad en tiempo Real\",\"potentialAction\":[{\"@type\":\"SearchAction\",\"target\":{\"@type\":\"EntryPoint\",\"urlTemplate\":\"https:\\\/\\\/qronews.info\\\/?s={search_term_string}\"},\"query-input\":{\"@type\":\"PropertyValueSpecification\",\"valueRequired\":true,\"valueName\":\"search_term_string\"}}],\"inLanguage\":\"es\"},{\"@type\":\"Person\",\"@id\":\"https:\\\/\\\/qronews.info\\\/#\\\/schema\\\/person\\\/a61b4145afe681f030552547c001d400\",\"name\":\"admin\",\"image\":{\"@type\":\"ImageObject\",\"inLanguage\":\"es\",\"@id\":\"https:\\\/\\\/secure.gravatar.com\\\/avatar\\\/de29ac83f4f71d9b1b172632bab395e0035a81cb5f55c4d24e32c77bb89bb0c0?s=96&d=mm&r=g\",\"url\":\"https:\\\/\\\/secure.gravatar.com\\\/avatar\\\/de29ac83f4f71d9b1b172632bab395e0035a81cb5f55c4d24e32c77bb89bb0c0?s=96&d=mm&r=g\",\"contentUrl\":\"https:\\\/\\\/secure.gravatar.com\\\/avatar\\\/de29ac83f4f71d9b1b172632bab395e0035a81cb5f55c4d24e32c77bb89bb0c0?s=96&d=mm&r=g\",\"caption\":\"admin\"},\"url\":\"https:\\\/\\\/qronews.info\\\/?author=1\"}]}<\/script>\n<!-- \/ Yoast SEO plugin. -->","yoast_head_json":{"title":"Atiende Gobierno de Quintana Roo demanda hist\u00f3rica de Calderitas con el inicio este lunes de la nueva Ruta Calderitas - QRONEWS","robots":{"index":"index","follow":"follow","max-snippet":"max-snippet:-1","max-image-preview":"max-image-preview:large","max-video-preview":"max-video-preview:-1"},"canonical":"https:\/\/qronews.info\/?p=2259","og_locale":"es_ES","og_type":"article","og_title":"Atiende Gobierno de Quintana Roo demanda hist\u00f3rica de Calderitas con el inicio este lunes de la nueva Ruta Calderitas - QRONEWS","og_description":"Como parte del programa Tu Ruta Chetumal -Del 3 al 9 de agosto, el servicio ser\u00e1 gratuito Chetumal.- Una demanda hist\u00f3rica de Calderitas comienza a hacerse realidad con el inicio de una nueva ruta de transporte p\u00fablico. Despu\u00e9s de a\u00f1os de ser una de las principales necesidades de las familias, este lunes inici\u00f3 el servicio [&hellip;]","og_url":"https:\/\/qronews.info\/?p=2259","og_site_name":"QRONEWS","article_published_time":"2026-08-03T15:53:41+00:00","article_modified_time":"2026-09-02T15:54:48+00:00","og_image":[{"width":1600,"height":1200,"url":"https:\/\/qronews.info\/wp-content\/uploads\/2026\/09\/IMG-20260803-WA0007.jpg","type":"image\/jpeg"}],"author":"admin","twitter_card":"summary_large_image","twitter_misc":{"Escrito por":"admin","Tiempo de lectura":"2 minutos"},"schema":{"@context":"https:\/\/schema.org","@graph":[{"@type":"Article","@id":"https:\/\/qronews.info\/?p=2259#article","isPartOf":{"@id":"https:\/\/qronews.info\/?p=2259"},"author":{"name":"admin","@id":"https:\/\/qronews.info\/#\/schema\/person\/a61b4145afe681f030552547c001d400"},"headline":"Atiende Gobierno de Quintana Roo demanda hist\u00f3rica de Calderitas con el inicio este lunes de la nueva Ruta Calderitas","datePublished":"2026-08-03T15:53:41+00:00","dateModified":"2026-09-02T15:54:48+00:00","mainEntityOfPage":{"@id":"https:\/\/qronews.info\/?p=2259"},"wordCount":400,"commentCount":0,"image":{"@id":"https:\/\/qronews.info\/?p=2259#primaryimage"},"thumbnailUrl":"https:\/\/qronews.info\/wp-content\/uploads\/2026\/09\/IMG-20260803-WA0007.jpg","articleSection":["Estado","M\u00e1s recientes"],"inLanguage":"es","potentialAction":[{"@type":"CommentAction","name":"Comment","target":["https:\/\/qronews.info\/?p=2259#respond"]}]},{"@type":"WebPage","@id":"https:\/\/qronews.info\/?p=2259","url":"https:\/\/qronews.info\/?p=2259","name":"Atiende Gobierno de Quintana Roo demanda hist\u00f3rica de Calderitas con el inicio este lunes de la nueva Ruta Calderitas - QRONEWS","isPartOf":{"@id":"https:\/\/qronews.info\/#website"},"primaryImageOfPage":{"@id":"https:\/\/qronews.info\/?p=2259#primaryimage"},"image":{"@id":"https:\/\/qronews.info\/?p=2259#primaryimage"},"thumbnailUrl":"https:\/\/qronews.info\/wp-content\/uploads\/2026\/09\/IMG-20260803-WA0007.jpg","datePublished":"2026-08-03T15:53:41+00:00","dateModified":"2026-09-02T15:54:48+00:00","author":{"@id":"https:\/\/qronews.info\/#\/schema\/person\/a61b4145afe681f030552547c001d400"},"breadcrumb":{"@id":"https:\/\/qronews.info\/?p=2259#breadcrumb"},"inLanguage":"es","potentialAction":[{"@type":"ReadAction","target":["https:\/\/qronews.info\/?p=2259"]}]},{"@type":"ImageObject","inLanguage":"es","@id":"https:\/\/qronews.info\/?p=2259#primaryimage","url":"https:\/\/qronews.info\/wp-content\/uploads\/2026\/09\/IMG-20260803-WA0007.jpg","contentUrl":"https:\/\/qronews.info\/wp-content\/uploads\/2026\/09\/IMG-20260803-WA0007.jpg","width":1600,"height":1200},{"@type":"BreadcrumbList","@id":"https:\/\/qronews.info\/?p=2259#breadcrumb","itemListElement":[{"@type":"ListItem","position":1,"name":"Portada","item":"https:\/\/qronews.info\/"},{"@type":"ListItem","position":2,"name":"Atiende Gobierno de Quintana Roo demanda hist\u00f3rica de Calderitas con el inicio este lunes de la nueva Ruta Calderitas"}]},{"@type":"WebSite","@id":"https:\/\/qronews.info\/#website","url":"https:\/\/qronews.info\/","name":"QRONEWS","description":"La verdad en tiempo Real","potentialAction":[{"@type":"SearchAction","target":{"@type":"EntryPoint","urlTemplate":"https:\/\/qronews.info\/?s={search_term_string}"},"query-input":{"@type":"PropertyValueSpecification","valueRequired":true,"valueName":"search_term_string"}}],"inLanguage":"es"},{"@type":"Person","@id":"https:\/\/qronews.info\/#\/schema\/person\/a61b4145afe681f030552547c001d400","name":"admin","image":{"@type":"ImageObject","inLanguage":"es","@id":"https:\/\/secure.gravatar.com\/avatar\/de29ac83f4f71d9b1b172632bab395e0035a81cb5f55c4d24e32c77bb89bb0c0?s=96&d=mm&r=g","url":"https:\/\/secure.gravatar.com\/avatar\/de29ac83f4f71d9b1b172632bab395e0035a81cb5f55c4d24e32c77bb89bb0c0?s=96&d=mm&r=g","contentUrl":"https:\/\/secure.gravatar.com\/avatar\/de29ac83f4f71d9b1b172632bab395e0035a81cb5f55c4d24e32c77bb89bb0c0?s=96&d=mm&r=g","caption":"admin"},"url":"https:\/\/qronews.info\/?author=1"}]}},"jetpack_sharing_enabled":true,"jetpack_featured_media_url":"https:\/\/qronews.info\/wp-content\/uploads\/2026\/09\/IMG-20260803-WA0007.jpg","_links":{"self":[{"href":"https:\/\/qronews.info\/index.php?rest_route=\/wp\/v2\/posts\/2259","targetHints":{"allow":["GET"]}}],"collection":[{"href":"https:\/\/qronews.info\/index.php?rest_route=\/wp\/v2\/posts"}],"about":[{"href":"https:\/\/qronews.info\/index.php?rest_route=\/wp\/v2\/types\/post"}],"author":[{"embeddable":true,"href":"https:\/\/qronews.info\/index.php?rest_route=\/wp\/v2\/users\/1"}],"replies":[{"embeddable":true,"href":"https:\/\/qronews.info\/index.php?rest_route=%2Fwp%2Fv2%2Fcomments&post=2259"}],"version-history":[{"count":1,"href":"https:\/\/qronews.info\/index.php?rest_route=\/wp\/v2\/posts\/2259\/revisions"}],"predecessor-version":[{"id":2260,"href":"https:\/\/qronews.info\/index.php?rest_route=\/wp\/v2\/posts\/2259\/revisions\/2260"}],"wp:featuredmedia":[{"embeddable":true,"href":"https:\/\/qronews.info\/index.php?rest_route=\/wp\/v2\/media\/2258"}],"wp:attachment":[{"href":"https:\/\/qronews.info\/index.php?rest_route=%2Fwp%2Fv2%2Fmedia&parent=2259"}],"wp:term":[{"taxonomy":"category","embeddable":true,"href":"https:\/\/qronews.info\/index.php?rest_route=%2Fwp%2Fv2%2Fcategories&post=2259"},{"taxonomy":"post_tag","embeddable":true,"href":"https:\/\/qronews.info\/index.php?rest_route=%2Fwp%2Fv2%2Ftags&post=2259"}],"curies":[{"name":"wp","href":"https:\/\/api.w.org\/{rel}","templated":true}]}}