{"id":2256,"date":"2026-08-02T10:50:10","date_gmt":"2026-08-02T15:50:10","guid":{"rendered":"https:\/\/qronews.info\/?p=2256"},"modified":"2026-09-02T10:51:32","modified_gmt":"2026-09-02T15:51:32","slug":"gobierno-de-quintana-roo-fortalece-junto-con-la-federacion-la-estrategia-nacional-para-la-construccion-de-la-paz-en-playa-del-carmen-y-cancun","status":"publish","type":"post","link":"https:\/\/qronews.info\/?p=2256","title":{"rendered":"Gobierno de Quintana Roo fortalece junto con la Federaci\u00f3n la Estrategia Nacional para la Construcci\u00f3n de la Paz en Playa del Carmen y Canc\u00fan"},"content":{"rendered":"\n<p class=\"wp-block-paragraph\">Durante el fin de semana, la Secretar\u00eda de Gobierno coordin\u00f3 acciones con los tres \u00f3rdenes de gobierno para acercar programas dirigidos a juventudes y familias en municipios prioritarios<br><br>-\u00abSomos un gobierno de territorio; trabajamos donde est\u00e1 la gente para construir comunidades m\u00e1s fuertes, seguras y con mayores oportunidades\u00bb: Cristina Torres<br><br>Playa del Carmen. &#8211; Como parte del Nuevo Acuerdo por el Bienestar y Desarrollo de Quintana Roo y en estrecha coordinaci\u00f3n con el Gobierno de M\u00e9xico, la Secretar\u00eda de Gobierno impuls\u00f3 durante este fin de semana diversas acciones en Playa del Carmen y Canc\u00fan para fortalecer la Estrategia Nacional para la Construcci\u00f3n de la Paz, mediante programas enfocados en atender las causas que generan la violencia, fortalecer el tejido social y ampliar las oportunidades para las juventudes y las familias.<br><br>En representaci\u00f3n de la gobernadora Mara Lezama Espinosa, la secretaria de Gobierno, Cristina Torres G\u00f3mez, encabez\u00f3 las actividades realizadas en Playa del Carmen, reafirmando el compromiso del Gobierno Humanista con Coraz\u00f3n Feminista de trabajar de manera permanente en territorio y en coordinaci\u00f3n con la Federaci\u00f3n y los municipios para construir comunidades m\u00e1s seguras, solidarias y con bienestar.<br><br>Como parte de la agenda, en las instalaciones del Planetario Sayab se present\u00f3 el programa federal \u00abLos J\u00f3venes Unen al Barrio\u00bb, impulsado por la presidenta de M\u00e9xico, Claudia Sheinbaum Pardo, cuyo prop\u00f3sito es transformar la vida de las y los j\u00f3venes mediante la inclusi\u00f3n, el desarrollo comunitario y la generaci\u00f3n de oportunidades reales para construir proyectos de vida alejados de la violencia.<br><br>Cristina Torres destac\u00f3 que una de las principales prioridades de la administraci\u00f3n estatal es que las juventudes cuenten con herramientas para desarrollar su talento y convertirse en agentes de cambio dentro de sus comunidades.<br><br>\u00abHoy se abre una puerta de oportunidades para que las y los j\u00f3venes descubran todo su potencial. Somos un gobierno de territorio que trabaja para hacer posible las cosas; ustedes unen al barrio porque hacen comunidad, construyen paz y demuestran que siempre existe un camino para salir adelante. No hay que rendirse\u00bb, expres\u00f3 la secretaria de Gobierno.<br><br>Asimismo, hizo un llamado para que Playa del Carmen y Canc\u00fan se consoliden como referentes nacionales de territorios de paz, donde las juventudes encuentren espacios para crecer, participar y alcanzar sus metas.<br><br>Tambi\u00e9n, como parte de la implementaci\u00f3n de la Estrategia Nacional para la Construcci\u00f3n de la Paz, Playa del Carmen fue sede de la Quinta Feria de la Estrategia Nacional para el Fortalecimiento de las Familias \u00abMi Familia, Mi Lugar Seguro\u00bb, iniciativa del Sistema Nacional DIF orientada a fortalecer la convivencia familiar, la comunicaci\u00f3n y la prevenci\u00f3n de las violencias desde las comunidades.<br><br>Durante el evento, Cristina Torres explic\u00f3 que Playa del Carmen y Benito Ju\u00e1rez forman parte de los municipios prioritarios definidos por el Gobierno de M\u00e9xico para desarrollar acciones integrales que atiendan las causas de la violencia mediante pol\u00edticas p\u00fablicas preventivas. Precis\u00f3 que esta estrategia se implementa de manera simult\u00e1nea en todo el pa\u00eds para brindar atenci\u00f3n a ni\u00f1as, ni\u00f1os, adolescentes, mujeres, personas adultas mayores y familias, acercando servicios que fortalezcan el bienestar social y la cohesi\u00f3n comunitaria.<br><br>Durante la feria, las familias accedieron gratuitamente a servicios de atenci\u00f3n psicol\u00f3gica, asesor\u00eda jur\u00eddica, programas de apoyo para mujeres, actividades recreativas, orientaci\u00f3n institucional y m\u00f3dulos de atenci\u00f3n de dependencias federales, estatales y municipales.<br><br>\u00abLos funcionarios debemos estar donde est\u00e1 la gente, en las colonias y comunidades. Ese es el compromiso que compartimos con la presidenta Claudia Sheinbaum, con la gobernadora Mara Lezama: trabajar en territorio para atender directamente las necesidades de la poblaci\u00f3n\u00bb, subray\u00f3 Cristina Torres.<br><br>Con estas acciones, el Gobierno del Estado, a trav\u00e9s de la Secretar\u00eda de Gobierno, y el Sistema Estatal Dif Quintana Roo refrenda su compromiso de seguir trabajando de manera cercana a la poblaci\u00f3n, fortaleciendo la coordinaci\u00f3n institucional para consolidar comunidades m\u00e1s seguras, inclusivas y con mayores oportunidades de bienestar para las presentes y futuras generaciones.<br><br>En esta jornadas participaron la directora general del Sistema DIF Quintana Roo, Abril Cristina Sabido Alcerreca; la secretaria de las Mujeres de Quintana Roo, Esther Burgos Jim\u00e9nez; el presidente honorario del Sistema DIF Playa del Carmen, Eduardo Asencio Mart\u00ednez, en representaci\u00f3n de la presidenta municipal Estefan\u00eda Mercado; la titular del Centro Nacional de Prevenci\u00f3n del Delito y Participaci\u00f3n Ciudadana, Beatriz Adriana Olivares Pinal; la directora general de Alimentaci\u00f3n y Desarrollo Comunitario del Sistema Nacional DIF, Yasm\u00edn San Mart\u00edn L\u00f3pez; la directora general de Enlace Interinstitucional del Sistema Nacional DIF, \u00cdndira Barrios B\u00e1rcenas, en representaci\u00f3n de la titular del organismo, Roc\u00edo Garc\u00eda P\u00e9rez; la secretaria t\u00e9cnica de la Mesa de Seguridad en Playa del Carmen, Karen Rom\u00e1n Flores; el subdirector de Capacitaci\u00f3n y Vinculaci\u00f3n Interinstitucional del Sistema Nacional DIF, Jos\u00e9 Lino Godoy P\u00e9rez Ruiz.<br><br>cgc.qroo.gob.mx<br>qroo.gob.mx<\/p>\n","protected":false},"excerpt":{"rendered":"<p>Durante el fin de semana, la Secretar\u00eda de Gobierno coordin\u00f3 acciones con los tres \u00f3rdenes de gobierno para acercar programas dirigidos a juventudes y familias en municipios prioritarios -\u00abSomos un gobierno de territorio; trabajamos donde est\u00e1 la gente para construir comunidades m\u00e1s fuertes, seguras y con mayores oportunidades\u00bb: Cristina Torres Playa del Carmen. &#8211; Como [&hellip;]<\/p>\n","protected":false},"author":1,"featured_media":2255,"comment_status":"open","ping_status":"open","sticky":false,"template":"","format":"standard","meta":{"_jetpack_newsletter_access":"","_jetpack_dont_email_post_to_subs":false,"_jetpack_newsletter_tier_id":0,"_jetpack_memberships_contains_paywalled_content":false,"_jetpack_memberships_contains_paid_content":false,"footnotes":""},"categories":[4,5],"tags":[],"class_list":["post-2256","post","type-post","status-publish","format-standard","has-post-thumbnail","hentry","category-estados","category-mas-recientes"],"yoast_head":"<!-- This site is optimized with the Yoast SEO plugin v28.4 - https:\/\/yoast.com\/product\/yoast-seo-wordpress\/ -->\n<title>Gobierno de Quintana Roo fortalece junto con la Federaci\u00f3n la Estrategia Nacional para la Construcci\u00f3n de la Paz en Playa del Carmen y Canc\u00fan - QRONEWS<\/title>\n<meta name=\"robots\" content=\"index, follow, max-snippet:-1, max-image-preview:large, max-video-preview:-1\" \/>\n<link rel=\"canonical\" href=\"https:\/\/qronews.info\/?p=2256\" \/>\n<meta property=\"og:locale\" content=\"es_ES\" \/>\n<meta property=\"og:type\" content=\"article\" \/>\n<meta property=\"og:title\" content=\"Gobierno de Quintana Roo fortalece junto con la Federaci\u00f3n la Estrategia Nacional para la Construcci\u00f3n de la Paz en Playa del Carmen y Canc\u00fan - QRONEWS\" \/>\n<meta property=\"og:description\" content=\"Durante el fin de semana, la Secretar\u00eda de Gobierno coordin\u00f3 acciones con los tres \u00f3rdenes de gobierno para acercar programas dirigidos a juventudes y familias en municipios prioritarios -\u00abSomos un gobierno de territorio; trabajamos donde est\u00e1 la gente para construir comunidades m\u00e1s fuertes, seguras y con mayores oportunidades\u00bb: Cristina Torres Playa del Carmen. &#8211; Como [&hellip;]\" \/>\n<meta property=\"og:url\" content=\"https:\/\/qronews.info\/?p=2256\" \/>\n<meta property=\"og:site_name\" content=\"QRONEWS\" \/>\n<meta property=\"article:published_time\" content=\"2026-08-02T15:50:10+00:00\" \/>\n<meta property=\"article:modified_time\" content=\"2026-09-02T15:51:32+00:00\" \/>\n<meta property=\"og:image\" content=\"https:\/\/qronews.info\/wp-content\/uploads\/2026\/09\/Screenshot_2026-09-02-10-50-07-265_com.whatsapp-edit.jpg\" \/>\n\t<meta property=\"og:image:width\" content=\"1080\" \/>\n\t<meta property=\"og:image:height\" content=\"718\" \/>\n\t<meta property=\"og:image:type\" content=\"image\/jpeg\" \/>\n<meta name=\"author\" content=\"admin\" \/>\n<meta name=\"twitter:card\" content=\"summary_large_image\" \/>\n<meta name=\"twitter:label1\" content=\"Escrito por\" \/>\n\t<meta name=\"twitter:data1\" content=\"admin\" \/>\n\t<meta name=\"twitter:label2\" content=\"Tiempo de lectura\" \/>\n\t<meta name=\"twitter:data2\" content=\"4 minutos\" \/>\n<script type=\"application\/ld+json\" class=\"yoast-schema-graph\">{\"@context\":\"https:\\\/\\\/schema.org\",\"@graph\":[{\"@type\":\"Article\",\"@id\":\"https:\\\/\\\/qronews.info\\\/?p=2256#article\",\"isPartOf\":{\"@id\":\"https:\\\/\\\/qronews.info\\\/?p=2256\"},\"author\":{\"name\":\"admin\",\"@id\":\"https:\\\/\\\/qronews.info\\\/#\\\/schema\\\/person\\\/a61b4145afe681f030552547c001d400\"},\"headline\":\"Gobierno de Quintana Roo fortalece junto con la Federaci\u00f3n la Estrategia Nacional para la Construcci\u00f3n de la Paz en Playa del Carmen y Canc\u00fan\",\"datePublished\":\"2026-08-02T15:50:10+00:00\",\"dateModified\":\"2026-09-02T15:51:32+00:00\",\"mainEntityOfPage\":{\"@id\":\"https:\\\/\\\/qronews.info\\\/?p=2256\"},\"wordCount\":879,\"commentCount\":0,\"image\":{\"@id\":\"https:\\\/\\\/qronews.info\\\/?p=2256#primaryimage\"},\"thumbnailUrl\":\"https:\\\/\\\/qronews.info\\\/wp-content\\\/uploads\\\/2026\\\/09\\\/Screenshot_2026-09-02-10-50-07-265_com.whatsapp-edit.jpg\",\"articleSection\":[\"Estado\",\"M\u00e1s recientes\"],\"inLanguage\":\"es\",\"potentialAction\":[{\"@type\":\"CommentAction\",\"name\":\"Comment\",\"target\":[\"https:\\\/\\\/qronews.info\\\/?p=2256#respond\"]}]},{\"@type\":\"WebPage\",\"@id\":\"https:\\\/\\\/qronews.info\\\/?p=2256\",\"url\":\"https:\\\/\\\/qronews.info\\\/?p=2256\",\"name\":\"Gobierno de Quintana Roo fortalece junto con la Federaci\u00f3n la Estrategia Nacional para la Construcci\u00f3n de la Paz en Playa del Carmen y Canc\u00fan - QRONEWS\",\"isPartOf\":{\"@id\":\"https:\\\/\\\/qronews.info\\\/#website\"},\"primaryImageOfPage\":{\"@id\":\"https:\\\/\\\/qronews.info\\\/?p=2256#primaryimage\"},\"image\":{\"@id\":\"https:\\\/\\\/qronews.info\\\/?p=2256#primaryimage\"},\"thumbnailUrl\":\"https:\\\/\\\/qronews.info\\\/wp-content\\\/uploads\\\/2026\\\/09\\\/Screenshot_2026-09-02-10-50-07-265_com.whatsapp-edit.jpg\",\"datePublished\":\"2026-08-02T15:50:10+00:00\",\"dateModified\":\"2026-09-02T15:51:32+00:00\",\"author\":{\"@id\":\"https:\\\/\\\/qronews.info\\\/#\\\/schema\\\/person\\\/a61b4145afe681f030552547c001d400\"},\"breadcrumb\":{\"@id\":\"https:\\\/\\\/qronews.info\\\/?p=2256#breadcrumb\"},\"inLanguage\":\"es\",\"potentialAction\":[{\"@type\":\"ReadAction\",\"target\":[\"https:\\\/\\\/qronews.info\\\/?p=2256\"]}]},{\"@type\":\"ImageObject\",\"inLanguage\":\"es\",\"@id\":\"https:\\\/\\\/qronews.info\\\/?p=2256#primaryimage\",\"url\":\"https:\\\/\\\/qronews.info\\\/wp-content\\\/uploads\\\/2026\\\/09\\\/Screenshot_2026-09-02-10-50-07-265_com.whatsapp-edit.jpg\",\"contentUrl\":\"https:\\\/\\\/qronews.info\\\/wp-content\\\/uploads\\\/2026\\\/09\\\/Screenshot_2026-09-02-10-50-07-265_com.whatsapp-edit.jpg\",\"width\":1080,\"height\":718},{\"@type\":\"BreadcrumbList\",\"@id\":\"https:\\\/\\\/qronews.info\\\/?p=2256#breadcrumb\",\"itemListElement\":[{\"@type\":\"ListItem\",\"position\":1,\"name\":\"Portada\",\"item\":\"https:\\\/\\\/qronews.info\\\/\"},{\"@type\":\"ListItem\",\"position\":2,\"name\":\"Gobierno de Quintana Roo fortalece junto con la Federaci\u00f3n la Estrategia Nacional para la Construcci\u00f3n de la Paz en Playa del Carmen y Canc\u00fan\"}]},{\"@type\":\"WebSite\",\"@id\":\"https:\\\/\\\/qronews.info\\\/#website\",\"url\":\"https:\\\/\\\/qronews.info\\\/\",\"name\":\"QRONEWS\",\"description\":\"La verdad en tiempo Real\",\"potentialAction\":[{\"@type\":\"SearchAction\",\"target\":{\"@type\":\"EntryPoint\",\"urlTemplate\":\"https:\\\/\\\/qronews.info\\\/?s={search_term_string}\"},\"query-input\":{\"@type\":\"PropertyValueSpecification\",\"valueRequired\":true,\"valueName\":\"search_term_string\"}}],\"inLanguage\":\"es\"},{\"@type\":\"Person\",\"@id\":\"https:\\\/\\\/qronews.info\\\/#\\\/schema\\\/person\\\/a61b4145afe681f030552547c001d400\",\"name\":\"admin\",\"image\":{\"@type\":\"ImageObject\",\"inLanguage\":\"es\",\"@id\":\"https:\\\/\\\/secure.gravatar.com\\\/avatar\\\/de29ac83f4f71d9b1b172632bab395e0035a81cb5f55c4d24e32c77bb89bb0c0?s=96&d=mm&r=g\",\"url\":\"https:\\\/\\\/secure.gravatar.com\\\/avatar\\\/de29ac83f4f71d9b1b172632bab395e0035a81cb5f55c4d24e32c77bb89bb0c0?s=96&d=mm&r=g\",\"contentUrl\":\"https:\\\/\\\/secure.gravatar.com\\\/avatar\\\/de29ac83f4f71d9b1b172632bab395e0035a81cb5f55c4d24e32c77bb89bb0c0?s=96&d=mm&r=g\",\"caption\":\"admin\"},\"url\":\"https:\\\/\\\/qronews.info\\\/?author=1\"}]}<\/script>\n<!-- \/ Yoast SEO plugin. -->","yoast_head_json":{"title":"Gobierno de Quintana Roo fortalece junto con la Federaci\u00f3n la Estrategia Nacional para la Construcci\u00f3n de la Paz en Playa del Carmen y Canc\u00fan - QRONEWS","robots":{"index":"index","follow":"follow","max-snippet":"max-snippet:-1","max-image-preview":"max-image-preview:large","max-video-preview":"max-video-preview:-1"},"canonical":"https:\/\/qronews.info\/?p=2256","og_locale":"es_ES","og_type":"article","og_title":"Gobierno de Quintana Roo fortalece junto con la Federaci\u00f3n la Estrategia Nacional para la Construcci\u00f3n de la Paz en Playa del Carmen y Canc\u00fan - QRONEWS","og_description":"Durante el fin de semana, la Secretar\u00eda de Gobierno coordin\u00f3 acciones con los tres \u00f3rdenes de gobierno para acercar programas dirigidos a juventudes y familias en municipios prioritarios -\u00abSomos un gobierno de territorio; trabajamos donde est\u00e1 la gente para construir comunidades m\u00e1s fuertes, seguras y con mayores oportunidades\u00bb: Cristina Torres Playa del Carmen. &#8211; Como [&hellip;]","og_url":"https:\/\/qronews.info\/?p=2256","og_site_name":"QRONEWS","article_published_time":"2026-08-02T15:50:10+00:00","article_modified_time":"2026-09-02T15:51:32+00:00","og_image":[{"width":1080,"height":718,"url":"https:\/\/qronews.info\/wp-content\/uploads\/2026\/09\/Screenshot_2026-09-02-10-50-07-265_com.whatsapp-edit.jpg","type":"image\/jpeg"}],"author":"admin","twitter_card":"summary_large_image","twitter_misc":{"Escrito por":"admin","Tiempo de lectura":"4 minutos"},"schema":{"@context":"https:\/\/schema.org","@graph":[{"@type":"Article","@id":"https:\/\/qronews.info\/?p=2256#article","isPartOf":{"@id":"https:\/\/qronews.info\/?p=2256"},"author":{"name":"admin","@id":"https:\/\/qronews.info\/#\/schema\/person\/a61b4145afe681f030552547c001d400"},"headline":"Gobierno de Quintana Roo fortalece junto con la Federaci\u00f3n la Estrategia Nacional para la Construcci\u00f3n de la Paz en Playa del Carmen y Canc\u00fan","datePublished":"2026-08-02T15:50:10+00:00","dateModified":"2026-09-02T15:51:32+00:00","mainEntityOfPage":{"@id":"https:\/\/qronews.info\/?p=2256"},"wordCount":879,"commentCount":0,"image":{"@id":"https:\/\/qronews.info\/?p=2256#primaryimage"},"thumbnailUrl":"https:\/\/qronews.info\/wp-content\/uploads\/2026\/09\/Screenshot_2026-09-02-10-50-07-265_com.whatsapp-edit.jpg","articleSection":["Estado","M\u00e1s recientes"],"inLanguage":"es","potentialAction":[{"@type":"CommentAction","name":"Comment","target":["https:\/\/qronews.info\/?p=2256#respond"]}]},{"@type":"WebPage","@id":"https:\/\/qronews.info\/?p=2256","url":"https:\/\/qronews.info\/?p=2256","name":"Gobierno de Quintana Roo fortalece junto con la Federaci\u00f3n la Estrategia Nacional para la Construcci\u00f3n de la Paz en Playa del Carmen y Canc\u00fan - QRONEWS","isPartOf":{"@id":"https:\/\/qronews.info\/#website"},"primaryImageOfPage":{"@id":"https:\/\/qronews.info\/?p=2256#primaryimage"},"image":{"@id":"https:\/\/qronews.info\/?p=2256#primaryimage"},"thumbnailUrl":"https:\/\/qronews.info\/wp-content\/uploads\/2026\/09\/Screenshot_2026-09-02-10-50-07-265_com.whatsapp-edit.jpg","datePublished":"2026-08-02T15:50:10+00:00","dateModified":"2026-09-02T15:51:32+00:00","author":{"@id":"https:\/\/qronews.info\/#\/schema\/person\/a61b4145afe681f030552547c001d400"},"breadcrumb":{"@id":"https:\/\/qronews.info\/?p=2256#breadcrumb"},"inLanguage":"es","potentialAction":[{"@type":"ReadAction","target":["https:\/\/qronews.info\/?p=2256"]}]},{"@type":"ImageObject","inLanguage":"es","@id":"https:\/\/qronews.info\/?p=2256#primaryimage","url":"https:\/\/qronews.info\/wp-content\/uploads\/2026\/09\/Screenshot_2026-09-02-10-50-07-265_com.whatsapp-edit.jpg","contentUrl":"https:\/\/qronews.info\/wp-content\/uploads\/2026\/09\/Screenshot_2026-09-02-10-50-07-265_com.whatsapp-edit.jpg","width":1080,"height":718},{"@type":"BreadcrumbList","@id":"https:\/\/qronews.info\/?p=2256#breadcrumb","itemListElement":[{"@type":"ListItem","position":1,"name":"Portada","item":"https:\/\/qronews.info\/"},{"@type":"ListItem","position":2,"name":"Gobierno de Quintana Roo fortalece junto con la Federaci\u00f3n la Estrategia Nacional para la Construcci\u00f3n de la Paz en Playa del Carmen y Canc\u00fan"}]},{"@type":"WebSite","@id":"https:\/\/qronews.info\/#website","url":"https:\/\/qronews.info\/","name":"QRONEWS","description":"La verdad en tiempo Real","potentialAction":[{"@type":"SearchAction","target":{"@type":"EntryPoint","urlTemplate":"https:\/\/qronews.info\/?s={search_term_string}"},"query-input":{"@type":"PropertyValueSpecification","valueRequired":true,"valueName":"search_term_string"}}],"inLanguage":"es"},{"@type":"Person","@id":"https:\/\/qronews.info\/#\/schema\/person\/a61b4145afe681f030552547c001d400","name":"admin","image":{"@type":"ImageObject","inLanguage":"es","@id":"https:\/\/secure.gravatar.com\/avatar\/de29ac83f4f71d9b1b172632bab395e0035a81cb5f55c4d24e32c77bb89bb0c0?s=96&d=mm&r=g","url":"https:\/\/secure.gravatar.com\/avatar\/de29ac83f4f71d9b1b172632bab395e0035a81cb5f55c4d24e32c77bb89bb0c0?s=96&d=mm&r=g","contentUrl":"https:\/\/secure.gravatar.com\/avatar\/de29ac83f4f71d9b1b172632bab395e0035a81cb5f55c4d24e32c77bb89bb0c0?s=96&d=mm&r=g","caption":"admin"},"url":"https:\/\/qronews.info\/?author=1"}]}},"jetpack_sharing_enabled":true,"jetpack_featured_media_url":"https:\/\/qronews.info\/wp-content\/uploads\/2026\/09\/Screenshot_2026-09-02-10-50-07-265_com.whatsapp-edit.jpg","_links":{"self":[{"href":"https:\/\/qronews.info\/index.php?rest_route=\/wp\/v2\/posts\/2256","targetHints":{"allow":["GET"]}}],"collection":[{"href":"https:\/\/qronews.info\/index.php?rest_route=\/wp\/v2\/posts"}],"about":[{"href":"https:\/\/qronews.info\/index.php?rest_route=\/wp\/v2\/types\/post"}],"author":[{"embeddable":true,"href":"https:\/\/qronews.info\/index.php?rest_route=\/wp\/v2\/users\/1"}],"replies":[{"embeddable":true,"href":"https:\/\/qronews.info\/index.php?rest_route=%2Fwp%2Fv2%2Fcomments&post=2256"}],"version-history":[{"count":1,"href":"https:\/\/qronews.info\/index.php?rest_route=\/wp\/v2\/posts\/2256\/revisions"}],"predecessor-version":[{"id":2257,"href":"https:\/\/qronews.info\/index.php?rest_route=\/wp\/v2\/posts\/2256\/revisions\/2257"}],"wp:featuredmedia":[{"embeddable":true,"href":"https:\/\/qronews.info\/index.php?rest_route=\/wp\/v2\/media\/2255"}],"wp:attachment":[{"href":"https:\/\/qronews.info\/index.php?rest_route=%2Fwp%2Fv2%2Fmedia&parent=2256"}],"wp:term":[{"taxonomy":"category","embeddable":true,"href":"https:\/\/qronews.info\/index.php?rest_route=%2Fwp%2Fv2%2Fcategories&post=2256"},{"taxonomy":"post_tag","embeddable":true,"href":"https:\/\/qronews.info\/index.php?rest_route=%2Fwp%2Fv2%2Ftags&post=2256"}],"curies":[{"name":"wp","href":"https:\/\/api.w.org\/{rel}","templated":true}]}}