{"id":2231,"date":"2026-08-27T11:41:33","date_gmt":"2026-08-27T16:41:33","guid":{"rendered":"https:\/\/qronews.info\/?p=2231"},"modified":"2026-09-01T11:41:56","modified_gmt":"2026-09-01T16:41:56","slug":"gobierno-municipal-impulsa-capacitacion-sobre-autismo-en-el-salon-de-clases-previo-al-inicio-del-ciclo-escolar-2026-2027","status":"publish","type":"post","link":"https:\/\/qronews.info\/?p=2231","title":{"rendered":"Gobierno Municipal impulsa capacitaci\u00f3n sobre autismo en el sal\u00f3n de clases previo al inicio del ciclo escolar 2026-2027"},"content":{"rendered":"\n<p class=\"wp-block-paragraph\">\u2022 Docentes de nivel preescolar y personal de Educaci\u00f3n Especial fortalecen sus conocimientos para promover una educaci\u00f3n m\u00e1s incluyente.<br><br>Cozumel, Quintana Roo, 26 de agosto de 2026.\u2013 Con el compromiso de fortalecer una educaci\u00f3n m\u00e1s humana, sensible e incluyente, el Gobierno Municipal que encabeza Jos\u00e9 Luis Chac\u00f3n M\u00e9ndez, a trav\u00e9s de la Direcci\u00f3n de Educaci\u00f3n y la Biblioteca P\u00fablica \u201cGonzalo de Jes\u00fas Rosado Iturralde\u201d, llev\u00f3 a cabo la conferencia \u00abAutismo en el sal\u00f3n de clases\u00bb, dirigida a educadoras de nivel preescolar y personal docente de Educaci\u00f3n Especial de la isla.<br><br>La conferencia fue impartida por la doctora Andrea Higuer\u00f3n Pacheco, m\u00e9dica cirujana especialista en Pediatr\u00eda con alta especialidad en Desarrollo Infantil, quien cuenta con amplia experiencia en la atenci\u00f3n integral de ni\u00f1as, ni\u00f1os y adolescentes, particularmente en el diagn\u00f3stico, tratamiento y acompa\u00f1amiento de personas con trastorno del espectro autista (TEA), trastorno por d\u00e9ficit de atenci\u00f3n e hiperactividad (TDAH), problemas de lenguaje, aprendizaje y otros trastornos del desarrollo.<br><br>Actualmente, la especialista se desempe\u00f1a como pediatra del desarrollo en el Centro de Atenci\u00f3n Primaria en Salud Mental Municipal de Solidaridad y preside la Sociedad de Pediatras de Quintana Roo, cap\u00edtulo Riviera Maya, desde donde impulsa la actualizaci\u00f3n permanente de profesionales de la salud de Playa del Carmen, Cozumel y Tulum.<br><br>Durante la capacitaci\u00f3n se destac\u00f3 la importancia de brindar al personal docente herramientas que permitan reconocer las necesidades individuales de cada estudiante y favorecer ambientes escolares m\u00e1s accesibles, respetuosos e incluyentes, donde todas las ni\u00f1as y los ni\u00f1os tengan las mismas oportunidades para aprender y desarrollarse.<br><br>En su mensaje de bienvenida, el director de Educaci\u00f3n, Saturnino Maga\u00f1a, se\u00f1al\u00f3 que esta capacitaci\u00f3n representa una valiosa oportunidad para fortalecer las habilidades del personal educativo de cara al inicio del ciclo escolar 2026-2027.<br><br>\u00abHablar de autismo es hablar de inclusi\u00f3n, empat\u00eda y respeto por las diferentes formas de aprender, comunicarse y relacionarse. Como docentes tenemos la responsabilidad, pero tambi\u00e9n la oportunidad, de construir espacios donde cada ni\u00f1a y cada ni\u00f1o pueda sentirse seguro, comprendido y acompa\u00f1ado\u00bb, expres\u00f3.<br><br>Por su parte, el presidente municipal Jos\u00e9 Luis Chac\u00f3n M\u00e9ndez destac\u00f3 que la inclusi\u00f3n debe asumirse como un compromiso permanente de toda la sociedad y subray\u00f3 que la capacitaci\u00f3n continua del personal educativo contribuye a mejorar la atenci\u00f3n que reciben las ni\u00f1as y los ni\u00f1os dentro de las aulas.<br><br>\u00abHablar de autismo es hablar de inclusi\u00f3n, empat\u00eda y respeto. Significa reconocer que cada ni\u00f1a y cada ni\u00f1o aprende, se comunica y expresa sus emociones de manera distinta. Queremos que nuestras escuelas sean espacios donde la inclusi\u00f3n se viva todos los d\u00edas y donde todas y todos tengan la oportunidad de aprender, jugar, expresarse y sentirse parte de su comunidad\u00bb, afirm\u00f3.<br><br>Asimismo, el alcalde reconoci\u00f3 el compromiso de las supervisoras escolares, directoras, educadoras y personal de Educaci\u00f3n Especial que participaron en esta jornada de capacitaci\u00f3n, destacando su disposici\u00f3n para seguir prepar\u00e1ndose y fortalecer una educaci\u00f3n cada vez m\u00e1s inclusiva en Cozumel.<br><br>Durante el evento estuvieron presentes la presidenta honoraria del Sistema DIF Cozumel, Beatriz Sosa Blanco; la Segunda Regidora Marifer Vargas Gonz\u00e1lez, la S\u00edndico Municipal Daniela Ayala Blanco, as\u00ed como la supervisora de la Zona Escolar, Maribel Canul Almaraz, as\u00ed como docentes e invitados especiales.<br><br>Con acciones como esta, el Gobierno Municipal reafirma su compromiso de impulsar una educaci\u00f3n incluyente, fortaleciendo la capacitaci\u00f3n del personal docente para garantizar que todas las ni\u00f1as y los ni\u00f1os de Cozumel encuentren en sus escuelas espacios de aprendizaje basados en el respeto, la igualdad de oportunidades y la inclusi\u00f3n.<\/p>\n","protected":false},"excerpt":{"rendered":"<p>\u2022 Docentes de nivel preescolar y personal de Educaci\u00f3n Especial fortalecen sus conocimientos para promover una educaci\u00f3n m\u00e1s incluyente. Cozumel, Quintana Roo, 26 de agosto de 2026.\u2013 Con el compromiso de fortalecer una educaci\u00f3n m\u00e1s humana, sensible e incluyente, el Gobierno Municipal que encabeza Jos\u00e9 Luis Chac\u00f3n M\u00e9ndez, a trav\u00e9s de la Direcci\u00f3n de Educaci\u00f3n [&hellip;]<\/p>\n","protected":false},"author":1,"featured_media":2230,"comment_status":"open","ping_status":"open","sticky":false,"template":"","format":"standard","meta":{"_jetpack_newsletter_access":"","_jetpack_dont_email_post_to_subs":false,"_jetpack_newsletter_tier_id":0,"_jetpack_memberships_contains_paywalled_content":false,"_jetpack_memberships_contains_paid_content":false,"footnotes":""},"categories":[8,5],"tags":[],"class_list":["post-2231","post","type-post","status-publish","format-standard","has-post-thumbnail","hentry","category-cozumel","category-mas-recientes"],"yoast_head":"<!-- This site is optimized with the Yoast SEO plugin v28.3 - https:\/\/yoast.com\/product\/yoast-seo-wordpress\/ -->\n<title>Gobierno Municipal impulsa capacitaci\u00f3n sobre autismo en el sal\u00f3n de clases previo al inicio del ciclo escolar 2026-2027 - QRONEWS<\/title>\n<meta name=\"robots\" content=\"index, follow, max-snippet:-1, max-image-preview:large, max-video-preview:-1\" \/>\n<link rel=\"canonical\" href=\"https:\/\/qronews.info\/?p=2231\" \/>\n<meta property=\"og:locale\" content=\"es_ES\" \/>\n<meta property=\"og:type\" content=\"article\" \/>\n<meta property=\"og:title\" content=\"Gobierno Municipal impulsa capacitaci\u00f3n sobre autismo en el sal\u00f3n de clases previo al inicio del ciclo escolar 2026-2027 - QRONEWS\" \/>\n<meta property=\"og:description\" content=\"\u2022 Docentes de nivel preescolar y personal de Educaci\u00f3n Especial fortalecen sus conocimientos para promover una educaci\u00f3n m\u00e1s incluyente. Cozumel, Quintana Roo, 26 de agosto de 2026.\u2013 Con el compromiso de fortalecer una educaci\u00f3n m\u00e1s humana, sensible e incluyente, el Gobierno Municipal que encabeza Jos\u00e9 Luis Chac\u00f3n M\u00e9ndez, a trav\u00e9s de la Direcci\u00f3n de Educaci\u00f3n [&hellip;]\" \/>\n<meta property=\"og:url\" content=\"https:\/\/qronews.info\/?p=2231\" \/>\n<meta property=\"og:site_name\" content=\"QRONEWS\" \/>\n<meta property=\"article:published_time\" content=\"2026-08-27T16:41:33+00:00\" \/>\n<meta property=\"article:modified_time\" content=\"2026-09-01T16:41:56+00:00\" \/>\n<meta property=\"og:image\" content=\"https:\/\/qronews.info\/wp-content\/uploads\/2026\/09\/IMG-20260826-WA0005.jpg\" \/>\n\t<meta property=\"og:image:width\" content=\"1600\" \/>\n\t<meta property=\"og:image:height\" content=\"938\" \/>\n\t<meta property=\"og:image:type\" content=\"image\/jpeg\" \/>\n<meta name=\"author\" content=\"admin\" \/>\n<meta name=\"twitter:card\" content=\"summary_large_image\" \/>\n<meta name=\"twitter:label1\" content=\"Escrito por\" \/>\n\t<meta name=\"twitter:data1\" content=\"admin\" \/>\n\t<meta name=\"twitter:label2\" content=\"Tiempo de lectura\" \/>\n\t<meta name=\"twitter:data2\" content=\"3 minutos\" \/>\n<script type=\"application\/ld+json\" class=\"yoast-schema-graph\">{\"@context\":\"https:\\\/\\\/schema.org\",\"@graph\":[{\"@type\":\"Article\",\"@id\":\"https:\\\/\\\/qronews.info\\\/?p=2231#article\",\"isPartOf\":{\"@id\":\"https:\\\/\\\/qronews.info\\\/?p=2231\"},\"author\":{\"name\":\"admin\",\"@id\":\"https:\\\/\\\/qronews.info\\\/#\\\/schema\\\/person\\\/a61b4145afe681f030552547c001d400\"},\"headline\":\"Gobierno Municipal impulsa capacitaci\u00f3n sobre autismo en el sal\u00f3n de clases previo al inicio del ciclo escolar 2026-2027\",\"datePublished\":\"2026-08-27T16:41:33+00:00\",\"dateModified\":\"2026-09-01T16:41:56+00:00\",\"mainEntityOfPage\":{\"@id\":\"https:\\\/\\\/qronews.info\\\/?p=2231\"},\"wordCount\":661,\"commentCount\":0,\"image\":{\"@id\":\"https:\\\/\\\/qronews.info\\\/?p=2231#primaryimage\"},\"thumbnailUrl\":\"https:\\\/\\\/qronews.info\\\/wp-content\\\/uploads\\\/2026\\\/09\\\/IMG-20260826-WA0005.jpg\",\"articleSection\":[\"Cozumel\",\"M\u00e1s recientes\"],\"inLanguage\":\"es\",\"potentialAction\":[{\"@type\":\"CommentAction\",\"name\":\"Comment\",\"target\":[\"https:\\\/\\\/qronews.info\\\/?p=2231#respond\"]}]},{\"@type\":\"WebPage\",\"@id\":\"https:\\\/\\\/qronews.info\\\/?p=2231\",\"url\":\"https:\\\/\\\/qronews.info\\\/?p=2231\",\"name\":\"Gobierno Municipal impulsa capacitaci\u00f3n sobre autismo en el sal\u00f3n de clases previo al inicio del ciclo escolar 2026-2027 - QRONEWS\",\"isPartOf\":{\"@id\":\"https:\\\/\\\/qronews.info\\\/#website\"},\"primaryImageOfPage\":{\"@id\":\"https:\\\/\\\/qronews.info\\\/?p=2231#primaryimage\"},\"image\":{\"@id\":\"https:\\\/\\\/qronews.info\\\/?p=2231#primaryimage\"},\"thumbnailUrl\":\"https:\\\/\\\/qronews.info\\\/wp-content\\\/uploads\\\/2026\\\/09\\\/IMG-20260826-WA0005.jpg\",\"datePublished\":\"2026-08-27T16:41:33+00:00\",\"dateModified\":\"2026-09-01T16:41:56+00:00\",\"author\":{\"@id\":\"https:\\\/\\\/qronews.info\\\/#\\\/schema\\\/person\\\/a61b4145afe681f030552547c001d400\"},\"breadcrumb\":{\"@id\":\"https:\\\/\\\/qronews.info\\\/?p=2231#breadcrumb\"},\"inLanguage\":\"es\",\"potentialAction\":[{\"@type\":\"ReadAction\",\"target\":[\"https:\\\/\\\/qronews.info\\\/?p=2231\"]}]},{\"@type\":\"ImageObject\",\"inLanguage\":\"es\",\"@id\":\"https:\\\/\\\/qronews.info\\\/?p=2231#primaryimage\",\"url\":\"https:\\\/\\\/qronews.info\\\/wp-content\\\/uploads\\\/2026\\\/09\\\/IMG-20260826-WA0005.jpg\",\"contentUrl\":\"https:\\\/\\\/qronews.info\\\/wp-content\\\/uploads\\\/2026\\\/09\\\/IMG-20260826-WA0005.jpg\",\"width\":1600,\"height\":938},{\"@type\":\"BreadcrumbList\",\"@id\":\"https:\\\/\\\/qronews.info\\\/?p=2231#breadcrumb\",\"itemListElement\":[{\"@type\":\"ListItem\",\"position\":1,\"name\":\"Portada\",\"item\":\"https:\\\/\\\/qronews.info\\\/\"},{\"@type\":\"ListItem\",\"position\":2,\"name\":\"Gobierno Municipal impulsa capacitaci\u00f3n sobre autismo en el sal\u00f3n de clases previo al inicio del ciclo escolar 2026-2027\"}]},{\"@type\":\"WebSite\",\"@id\":\"https:\\\/\\\/qronews.info\\\/#website\",\"url\":\"https:\\\/\\\/qronews.info\\\/\",\"name\":\"QRONEWS\",\"description\":\"La verdad en tiempo Real\",\"potentialAction\":[{\"@type\":\"SearchAction\",\"target\":{\"@type\":\"EntryPoint\",\"urlTemplate\":\"https:\\\/\\\/qronews.info\\\/?s={search_term_string}\"},\"query-input\":{\"@type\":\"PropertyValueSpecification\",\"valueRequired\":true,\"valueName\":\"search_term_string\"}}],\"inLanguage\":\"es\"},{\"@type\":\"Person\",\"@id\":\"https:\\\/\\\/qronews.info\\\/#\\\/schema\\\/person\\\/a61b4145afe681f030552547c001d400\",\"name\":\"admin\",\"image\":{\"@type\":\"ImageObject\",\"inLanguage\":\"es\",\"@id\":\"https:\\\/\\\/secure.gravatar.com\\\/avatar\\\/de29ac83f4f71d9b1b172632bab395e0035a81cb5f55c4d24e32c77bb89bb0c0?s=96&d=mm&r=g\",\"url\":\"https:\\\/\\\/secure.gravatar.com\\\/avatar\\\/de29ac83f4f71d9b1b172632bab395e0035a81cb5f55c4d24e32c77bb89bb0c0?s=96&d=mm&r=g\",\"contentUrl\":\"https:\\\/\\\/secure.gravatar.com\\\/avatar\\\/de29ac83f4f71d9b1b172632bab395e0035a81cb5f55c4d24e32c77bb89bb0c0?s=96&d=mm&r=g\",\"caption\":\"admin\"},\"url\":\"https:\\\/\\\/qronews.info\\\/?author=1\"}]}<\/script>\n<!-- \/ Yoast SEO plugin. -->","yoast_head_json":{"title":"Gobierno Municipal impulsa capacitaci\u00f3n sobre autismo en el sal\u00f3n de clases previo al inicio del ciclo escolar 2026-2027 - QRONEWS","robots":{"index":"index","follow":"follow","max-snippet":"max-snippet:-1","max-image-preview":"max-image-preview:large","max-video-preview":"max-video-preview:-1"},"canonical":"https:\/\/qronews.info\/?p=2231","og_locale":"es_ES","og_type":"article","og_title":"Gobierno Municipal impulsa capacitaci\u00f3n sobre autismo en el sal\u00f3n de clases previo al inicio del ciclo escolar 2026-2027 - QRONEWS","og_description":"\u2022 Docentes de nivel preescolar y personal de Educaci\u00f3n Especial fortalecen sus conocimientos para promover una educaci\u00f3n m\u00e1s incluyente. Cozumel, Quintana Roo, 26 de agosto de 2026.\u2013 Con el compromiso de fortalecer una educaci\u00f3n m\u00e1s humana, sensible e incluyente, el Gobierno Municipal que encabeza Jos\u00e9 Luis Chac\u00f3n M\u00e9ndez, a trav\u00e9s de la Direcci\u00f3n de Educaci\u00f3n [&hellip;]","og_url":"https:\/\/qronews.info\/?p=2231","og_site_name":"QRONEWS","article_published_time":"2026-08-27T16:41:33+00:00","article_modified_time":"2026-09-01T16:41:56+00:00","og_image":[{"width":1600,"height":938,"url":"https:\/\/qronews.info\/wp-content\/uploads\/2026\/09\/IMG-20260826-WA0005.jpg","type":"image\/jpeg"}],"author":"admin","twitter_card":"summary_large_image","twitter_misc":{"Escrito por":"admin","Tiempo de lectura":"3 minutos"},"schema":{"@context":"https:\/\/schema.org","@graph":[{"@type":"Article","@id":"https:\/\/qronews.info\/?p=2231#article","isPartOf":{"@id":"https:\/\/qronews.info\/?p=2231"},"author":{"name":"admin","@id":"https:\/\/qronews.info\/#\/schema\/person\/a61b4145afe681f030552547c001d400"},"headline":"Gobierno Municipal impulsa capacitaci\u00f3n sobre autismo en el sal\u00f3n de clases previo al inicio del ciclo escolar 2026-2027","datePublished":"2026-08-27T16:41:33+00:00","dateModified":"2026-09-01T16:41:56+00:00","mainEntityOfPage":{"@id":"https:\/\/qronews.info\/?p=2231"},"wordCount":661,"commentCount":0,"image":{"@id":"https:\/\/qronews.info\/?p=2231#primaryimage"},"thumbnailUrl":"https:\/\/qronews.info\/wp-content\/uploads\/2026\/09\/IMG-20260826-WA0005.jpg","articleSection":["Cozumel","M\u00e1s recientes"],"inLanguage":"es","potentialAction":[{"@type":"CommentAction","name":"Comment","target":["https:\/\/qronews.info\/?p=2231#respond"]}]},{"@type":"WebPage","@id":"https:\/\/qronews.info\/?p=2231","url":"https:\/\/qronews.info\/?p=2231","name":"Gobierno Municipal impulsa capacitaci\u00f3n sobre autismo en el sal\u00f3n de clases previo al inicio del ciclo escolar 2026-2027 - QRONEWS","isPartOf":{"@id":"https:\/\/qronews.info\/#website"},"primaryImageOfPage":{"@id":"https:\/\/qronews.info\/?p=2231#primaryimage"},"image":{"@id":"https:\/\/qronews.info\/?p=2231#primaryimage"},"thumbnailUrl":"https:\/\/qronews.info\/wp-content\/uploads\/2026\/09\/IMG-20260826-WA0005.jpg","datePublished":"2026-08-27T16:41:33+00:00","dateModified":"2026-09-01T16:41:56+00:00","author":{"@id":"https:\/\/qronews.info\/#\/schema\/person\/a61b4145afe681f030552547c001d400"},"breadcrumb":{"@id":"https:\/\/qronews.info\/?p=2231#breadcrumb"},"inLanguage":"es","potentialAction":[{"@type":"ReadAction","target":["https:\/\/qronews.info\/?p=2231"]}]},{"@type":"ImageObject","inLanguage":"es","@id":"https:\/\/qronews.info\/?p=2231#primaryimage","url":"https:\/\/qronews.info\/wp-content\/uploads\/2026\/09\/IMG-20260826-WA0005.jpg","contentUrl":"https:\/\/qronews.info\/wp-content\/uploads\/2026\/09\/IMG-20260826-WA0005.jpg","width":1600,"height":938},{"@type":"BreadcrumbList","@id":"https:\/\/qronews.info\/?p=2231#breadcrumb","itemListElement":[{"@type":"ListItem","position":1,"name":"Portada","item":"https:\/\/qronews.info\/"},{"@type":"ListItem","position":2,"name":"Gobierno Municipal impulsa capacitaci\u00f3n sobre autismo en el sal\u00f3n de clases previo al inicio del ciclo escolar 2026-2027"}]},{"@type":"WebSite","@id":"https:\/\/qronews.info\/#website","url":"https:\/\/qronews.info\/","name":"QRONEWS","description":"La verdad en tiempo Real","potentialAction":[{"@type":"SearchAction","target":{"@type":"EntryPoint","urlTemplate":"https:\/\/qronews.info\/?s={search_term_string}"},"query-input":{"@type":"PropertyValueSpecification","valueRequired":true,"valueName":"search_term_string"}}],"inLanguage":"es"},{"@type":"Person","@id":"https:\/\/qronews.info\/#\/schema\/person\/a61b4145afe681f030552547c001d400","name":"admin","image":{"@type":"ImageObject","inLanguage":"es","@id":"https:\/\/secure.gravatar.com\/avatar\/de29ac83f4f71d9b1b172632bab395e0035a81cb5f55c4d24e32c77bb89bb0c0?s=96&d=mm&r=g","url":"https:\/\/secure.gravatar.com\/avatar\/de29ac83f4f71d9b1b172632bab395e0035a81cb5f55c4d24e32c77bb89bb0c0?s=96&d=mm&r=g","contentUrl":"https:\/\/secure.gravatar.com\/avatar\/de29ac83f4f71d9b1b172632bab395e0035a81cb5f55c4d24e32c77bb89bb0c0?s=96&d=mm&r=g","caption":"admin"},"url":"https:\/\/qronews.info\/?author=1"}]}},"jetpack_sharing_enabled":true,"jetpack_featured_media_url":"https:\/\/qronews.info\/wp-content\/uploads\/2026\/09\/IMG-20260826-WA0005.jpg","_links":{"self":[{"href":"https:\/\/qronews.info\/index.php?rest_route=\/wp\/v2\/posts\/2231","targetHints":{"allow":["GET"]}}],"collection":[{"href":"https:\/\/qronews.info\/index.php?rest_route=\/wp\/v2\/posts"}],"about":[{"href":"https:\/\/qronews.info\/index.php?rest_route=\/wp\/v2\/types\/post"}],"author":[{"embeddable":true,"href":"https:\/\/qronews.info\/index.php?rest_route=\/wp\/v2\/users\/1"}],"replies":[{"embeddable":true,"href":"https:\/\/qronews.info\/index.php?rest_route=%2Fwp%2Fv2%2Fcomments&post=2231"}],"version-history":[{"count":1,"href":"https:\/\/qronews.info\/index.php?rest_route=\/wp\/v2\/posts\/2231\/revisions"}],"predecessor-version":[{"id":2232,"href":"https:\/\/qronews.info\/index.php?rest_route=\/wp\/v2\/posts\/2231\/revisions\/2232"}],"wp:featuredmedia":[{"embeddable":true,"href":"https:\/\/qronews.info\/index.php?rest_route=\/wp\/v2\/media\/2230"}],"wp:attachment":[{"href":"https:\/\/qronews.info\/index.php?rest_route=%2Fwp%2Fv2%2Fmedia&parent=2231"}],"wp:term":[{"taxonomy":"category","embeddable":true,"href":"https:\/\/qronews.info\/index.php?rest_route=%2Fwp%2Fv2%2Fcategories&post=2231"},{"taxonomy":"post_tag","embeddable":true,"href":"https:\/\/qronews.info\/index.php?rest_route=%2Fwp%2Fv2%2Ftags&post=2231"}],"curies":[{"name":"wp","href":"https:\/\/api.w.org\/{rel}","templated":true}]}}