{"id":2228,"date":"2026-08-26T11:38:29","date_gmt":"2026-08-26T16:38:29","guid":{"rendered":"https:\/\/qronews.info\/?p=2228"},"modified":"2026-09-01T11:39:14","modified_gmt":"2026-09-01T16:39:14","slug":"gobierno-de-playa-del-carmen-entrega-el-premio-municipal-de-la-juventud-2026","status":"publish","type":"post","link":"https:\/\/qronews.info\/?p=2228","title":{"rendered":"Gobierno de Playa del Carmen entrega el Premio Municipal de la Juventud 2026"},"content":{"rendered":"\n<p class=\"wp-block-paragraph\">Tambi\u00e9n otorgaron 34 reconocimientos de participaci\u00f3n a las y los j\u00f3venes inscritos<\/p>\n\n\n\n<p class=\"wp-block-paragraph\">El talento, la dedicaci\u00f3n y el compromiso social de las nuevas generaciones fueron reconocidos durante la entrega del Premio Municipal de la Juventud 2026, donde el director general del Instituto de la Juventud, Jos\u00e9 Gabriel P\u00e9rez \u00c1lvarez, destac\u00f3 que quienes hoy reciben esta distinci\u00f3n son ejemplo de transformaci\u00f3n y aportaci\u00f3n al desarrollo de Playa del Carmen.<br><br>En el marco del Mes de las Juventudes, el 25 de agosto se realiz\u00f3 la Primera Sesi\u00f3n Extraordinaria del Consejo Directivo del Instituto de la Juventud, presidida por Jos\u00e9 Gabriel P\u00e9rez \u00c1lvarez, quien destac\u00f3 que este reconocimiento representa una muestra del talento, disciplina y capacidad de las nuevas generaciones para transformar su entorno.<br><br>\u201cCada una y cada uno de los galardonados representa el talento, la creatividad, el liderazgo y la capacidad de las juventudes para generar cambios positivos en nuestra sociedad\u201d, expres\u00f3. Asimismo, se refrend\u00f3 el compromiso del instituto de continuar generando oportunidades para que las juventudes desarrollen su potencial en \u00e1mbitos como el deporte, la ciencia, la tecnolog\u00eda, el compromiso social, la cultura y el emprendimiento.<\/p>\n\n\n\n<p class=\"wp-block-paragraph\">Las y los ganadores, quienes recibieron reconocimientos y est\u00edmulos econ\u00f3micos por su destacada trayectoria, quedaron as\u00ed: en la Categor\u00eda A, de 12 a 17 a\u00f1os, el primer lugar fue para Jos\u00e9 de Jes\u00fas Bravo Ram\u00edrez, de 13 a\u00f1os, por Logro Deportivo, quien recibi\u00f3 un premio econ\u00f3mico y reconocimiento oficial. El segundo lugar correspondi\u00f3 a Renata Rosaly Carolina Cobales Canul, de 17 a\u00f1os, por Ciencia y Tecnolog\u00eda. <br><br>En la Categor\u00eda B, de 18 a 29 a\u00f1os, el primer lugar fue para Mar\u00eda Jos\u00e9 Ram\u00edrez Galicia, de 25 a\u00f1os, por Logro Deportivo, con un est\u00edmulo econ\u00f3mico y diploma. El segundo lugar fue para Pablo Enrique Celis G\u00f3mez, de 28 a\u00f1os, por Compromiso Social. Tambi\u00e9n se entregaron menciones honor\u00edficas en la categor\u00eda especial de Deporte Adaptado a Harold Miguel Chan L\u00f3pez, y a su entrenador Antonio Andrade Arroyo, por su acompa\u00f1amiento y labor deportiva.<br><br>Adem\u00e1s, se otorgaron 34 reconocimientos de participaci\u00f3n a las y los j\u00f3venes inscritos, as\u00ed como pines y kits institucionales para participantes y paquetes especiales para quienes obtuvieron los primeros lugares y menciones honor\u00edficas.<\/p>\n\n\n\n<p class=\"wp-block-paragraph\">En la ceremonia tambi\u00e9n estuvo presente la regidora Matilde Carrillo V\u00e9jar, presidenta de la Comisi\u00f3n Edilicia para la Juventud; en su intervenci\u00f3n, destac\u00f3 que el gobierno municipal conf\u00eda en el talento de las juventudes y reconoce su papel fundamental en el presente y futuro de Playa del Carmen.<\/p>\n","protected":false},"excerpt":{"rendered":"<p>Tambi\u00e9n otorgaron 34 reconocimientos de participaci\u00f3n a las y los j\u00f3venes inscritos El talento, la dedicaci\u00f3n y el compromiso social de las nuevas generaciones fueron reconocidos durante la entrega del Premio Municipal de la Juventud 2026, donde el director general del Instituto de la Juventud, Jos\u00e9 Gabriel P\u00e9rez \u00c1lvarez, destac\u00f3 que quienes hoy reciben esta [&hellip;]<\/p>\n","protected":false},"author":1,"featured_media":2227,"comment_status":"open","ping_status":"open","sticky":false,"template":"","format":"standard","meta":{"_jetpack_newsletter_access":"","_jetpack_dont_email_post_to_subs":false,"_jetpack_newsletter_tier_id":0,"_jetpack_memberships_contains_paywalled_content":false,"_jetpack_memberships_contains_paid_content":false,"footnotes":""},"categories":[4,5],"tags":[],"class_list":["post-2228","post","type-post","status-publish","format-standard","has-post-thumbnail","hentry","category-estados","category-mas-recientes"],"yoast_head":"<!-- This site is optimized with the Yoast SEO plugin v28.3 - https:\/\/yoast.com\/product\/yoast-seo-wordpress\/ -->\n<title>Gobierno de Playa del Carmen entrega el Premio Municipal de la Juventud 2026 - QRONEWS<\/title>\n<meta name=\"robots\" content=\"index, follow, max-snippet:-1, max-image-preview:large, max-video-preview:-1\" \/>\n<link rel=\"canonical\" href=\"https:\/\/qronews.info\/?p=2228\" \/>\n<meta property=\"og:locale\" content=\"es_ES\" \/>\n<meta property=\"og:type\" content=\"article\" \/>\n<meta property=\"og:title\" content=\"Gobierno de Playa del Carmen entrega el Premio Municipal de la Juventud 2026 - QRONEWS\" \/>\n<meta property=\"og:description\" content=\"Tambi\u00e9n otorgaron 34 reconocimientos de participaci\u00f3n a las y los j\u00f3venes inscritos El talento, la dedicaci\u00f3n y el compromiso social de las nuevas generaciones fueron reconocidos durante la entrega del Premio Municipal de la Juventud 2026, donde el director general del Instituto de la Juventud, Jos\u00e9 Gabriel P\u00e9rez \u00c1lvarez, destac\u00f3 que quienes hoy reciben esta [&hellip;]\" \/>\n<meta property=\"og:url\" content=\"https:\/\/qronews.info\/?p=2228\" \/>\n<meta property=\"og:site_name\" content=\"QRONEWS\" \/>\n<meta property=\"article:published_time\" content=\"2026-08-26T16:38:29+00:00\" \/>\n<meta property=\"article:modified_time\" content=\"2026-09-01T16:39:14+00:00\" \/>\n<meta property=\"og:image\" content=\"https:\/\/qronews.info\/wp-content\/uploads\/2026\/09\/depremisojuvent2608.webp\" \/>\n\t<meta property=\"og:image:width\" content=\"1280\" \/>\n\t<meta property=\"og:image:height\" content=\"853\" \/>\n\t<meta property=\"og:image:type\" content=\"image\/webp\" \/>\n<meta name=\"author\" content=\"admin\" \/>\n<meta name=\"twitter:card\" content=\"summary_large_image\" \/>\n<meta name=\"twitter:label1\" content=\"Escrito por\" \/>\n\t<meta name=\"twitter:data1\" content=\"admin\" \/>\n\t<meta name=\"twitter:label2\" content=\"Tiempo de lectura\" \/>\n\t<meta name=\"twitter:data2\" content=\"2 minutos\" \/>\n<script type=\"application\/ld+json\" class=\"yoast-schema-graph\">{\"@context\":\"https:\\\/\\\/schema.org\",\"@graph\":[{\"@type\":\"Article\",\"@id\":\"https:\\\/\\\/qronews.info\\\/?p=2228#article\",\"isPartOf\":{\"@id\":\"https:\\\/\\\/qronews.info\\\/?p=2228\"},\"author\":{\"name\":\"admin\",\"@id\":\"https:\\\/\\\/qronews.info\\\/#\\\/schema\\\/person\\\/a61b4145afe681f030552547c001d400\"},\"headline\":\"Gobierno de Playa del Carmen entrega el Premio Municipal de la Juventud 2026\",\"datePublished\":\"2026-08-26T16:38:29+00:00\",\"dateModified\":\"2026-09-01T16:39:14+00:00\",\"mainEntityOfPage\":{\"@id\":\"https:\\\/\\\/qronews.info\\\/?p=2228\"},\"wordCount\":451,\"commentCount\":0,\"image\":{\"@id\":\"https:\\\/\\\/qronews.info\\\/?p=2228#primaryimage\"},\"thumbnailUrl\":\"https:\\\/\\\/qronews.info\\\/wp-content\\\/uploads\\\/2026\\\/09\\\/depremisojuvent2608.webp\",\"articleSection\":[\"Estado\",\"M\u00e1s recientes\"],\"inLanguage\":\"es\",\"potentialAction\":[{\"@type\":\"CommentAction\",\"name\":\"Comment\",\"target\":[\"https:\\\/\\\/qronews.info\\\/?p=2228#respond\"]}]},{\"@type\":\"WebPage\",\"@id\":\"https:\\\/\\\/qronews.info\\\/?p=2228\",\"url\":\"https:\\\/\\\/qronews.info\\\/?p=2228\",\"name\":\"Gobierno de Playa del Carmen entrega el Premio Municipal de la Juventud 2026 - QRONEWS\",\"isPartOf\":{\"@id\":\"https:\\\/\\\/qronews.info\\\/#website\"},\"primaryImageOfPage\":{\"@id\":\"https:\\\/\\\/qronews.info\\\/?p=2228#primaryimage\"},\"image\":{\"@id\":\"https:\\\/\\\/qronews.info\\\/?p=2228#primaryimage\"},\"thumbnailUrl\":\"https:\\\/\\\/qronews.info\\\/wp-content\\\/uploads\\\/2026\\\/09\\\/depremisojuvent2608.webp\",\"datePublished\":\"2026-08-26T16:38:29+00:00\",\"dateModified\":\"2026-09-01T16:39:14+00:00\",\"author\":{\"@id\":\"https:\\\/\\\/qronews.info\\\/#\\\/schema\\\/person\\\/a61b4145afe681f030552547c001d400\"},\"breadcrumb\":{\"@id\":\"https:\\\/\\\/qronews.info\\\/?p=2228#breadcrumb\"},\"inLanguage\":\"es\",\"potentialAction\":[{\"@type\":\"ReadAction\",\"target\":[\"https:\\\/\\\/qronews.info\\\/?p=2228\"]}]},{\"@type\":\"ImageObject\",\"inLanguage\":\"es\",\"@id\":\"https:\\\/\\\/qronews.info\\\/?p=2228#primaryimage\",\"url\":\"https:\\\/\\\/qronews.info\\\/wp-content\\\/uploads\\\/2026\\\/09\\\/depremisojuvent2608.webp\",\"contentUrl\":\"https:\\\/\\\/qronews.info\\\/wp-content\\\/uploads\\\/2026\\\/09\\\/depremisojuvent2608.webp\",\"width\":1280,\"height\":853},{\"@type\":\"BreadcrumbList\",\"@id\":\"https:\\\/\\\/qronews.info\\\/?p=2228#breadcrumb\",\"itemListElement\":[{\"@type\":\"ListItem\",\"position\":1,\"name\":\"Portada\",\"item\":\"https:\\\/\\\/qronews.info\\\/\"},{\"@type\":\"ListItem\",\"position\":2,\"name\":\"Gobierno de Playa del Carmen entrega el Premio Municipal de la Juventud 2026\"}]},{\"@type\":\"WebSite\",\"@id\":\"https:\\\/\\\/qronews.info\\\/#website\",\"url\":\"https:\\\/\\\/qronews.info\\\/\",\"name\":\"QRONEWS\",\"description\":\"La verdad en tiempo Real\",\"potentialAction\":[{\"@type\":\"SearchAction\",\"target\":{\"@type\":\"EntryPoint\",\"urlTemplate\":\"https:\\\/\\\/qronews.info\\\/?s={search_term_string}\"},\"query-input\":{\"@type\":\"PropertyValueSpecification\",\"valueRequired\":true,\"valueName\":\"search_term_string\"}}],\"inLanguage\":\"es\"},{\"@type\":\"Person\",\"@id\":\"https:\\\/\\\/qronews.info\\\/#\\\/schema\\\/person\\\/a61b4145afe681f030552547c001d400\",\"name\":\"admin\",\"image\":{\"@type\":\"ImageObject\",\"inLanguage\":\"es\",\"@id\":\"https:\\\/\\\/secure.gravatar.com\\\/avatar\\\/de29ac83f4f71d9b1b172632bab395e0035a81cb5f55c4d24e32c77bb89bb0c0?s=96&d=mm&r=g\",\"url\":\"https:\\\/\\\/secure.gravatar.com\\\/avatar\\\/de29ac83f4f71d9b1b172632bab395e0035a81cb5f55c4d24e32c77bb89bb0c0?s=96&d=mm&r=g\",\"contentUrl\":\"https:\\\/\\\/secure.gravatar.com\\\/avatar\\\/de29ac83f4f71d9b1b172632bab395e0035a81cb5f55c4d24e32c77bb89bb0c0?s=96&d=mm&r=g\",\"caption\":\"admin\"},\"url\":\"https:\\\/\\\/qronews.info\\\/?author=1\"}]}<\/script>\n<!-- \/ Yoast SEO plugin. -->","yoast_head_json":{"title":"Gobierno de Playa del Carmen entrega el Premio Municipal de la Juventud 2026 - QRONEWS","robots":{"index":"index","follow":"follow","max-snippet":"max-snippet:-1","max-image-preview":"max-image-preview:large","max-video-preview":"max-video-preview:-1"},"canonical":"https:\/\/qronews.info\/?p=2228","og_locale":"es_ES","og_type":"article","og_title":"Gobierno de Playa del Carmen entrega el Premio Municipal de la Juventud 2026 - QRONEWS","og_description":"Tambi\u00e9n otorgaron 34 reconocimientos de participaci\u00f3n a las y los j\u00f3venes inscritos El talento, la dedicaci\u00f3n y el compromiso social de las nuevas generaciones fueron reconocidos durante la entrega del Premio Municipal de la Juventud 2026, donde el director general del Instituto de la Juventud, Jos\u00e9 Gabriel P\u00e9rez \u00c1lvarez, destac\u00f3 que quienes hoy reciben esta [&hellip;]","og_url":"https:\/\/qronews.info\/?p=2228","og_site_name":"QRONEWS","article_published_time":"2026-08-26T16:38:29+00:00","article_modified_time":"2026-09-01T16:39:14+00:00","og_image":[{"width":1280,"height":853,"url":"https:\/\/qronews.info\/wp-content\/uploads\/2026\/09\/depremisojuvent2608.webp","type":"image\/webp"}],"author":"admin","twitter_card":"summary_large_image","twitter_misc":{"Escrito por":"admin","Tiempo de lectura":"2 minutos"},"schema":{"@context":"https:\/\/schema.org","@graph":[{"@type":"Article","@id":"https:\/\/qronews.info\/?p=2228#article","isPartOf":{"@id":"https:\/\/qronews.info\/?p=2228"},"author":{"name":"admin","@id":"https:\/\/qronews.info\/#\/schema\/person\/a61b4145afe681f030552547c001d400"},"headline":"Gobierno de Playa del Carmen entrega el Premio Municipal de la Juventud 2026","datePublished":"2026-08-26T16:38:29+00:00","dateModified":"2026-09-01T16:39:14+00:00","mainEntityOfPage":{"@id":"https:\/\/qronews.info\/?p=2228"},"wordCount":451,"commentCount":0,"image":{"@id":"https:\/\/qronews.info\/?p=2228#primaryimage"},"thumbnailUrl":"https:\/\/qronews.info\/wp-content\/uploads\/2026\/09\/depremisojuvent2608.webp","articleSection":["Estado","M\u00e1s recientes"],"inLanguage":"es","potentialAction":[{"@type":"CommentAction","name":"Comment","target":["https:\/\/qronews.info\/?p=2228#respond"]}]},{"@type":"WebPage","@id":"https:\/\/qronews.info\/?p=2228","url":"https:\/\/qronews.info\/?p=2228","name":"Gobierno de Playa del Carmen entrega el Premio Municipal de la Juventud 2026 - QRONEWS","isPartOf":{"@id":"https:\/\/qronews.info\/#website"},"primaryImageOfPage":{"@id":"https:\/\/qronews.info\/?p=2228#primaryimage"},"image":{"@id":"https:\/\/qronews.info\/?p=2228#primaryimage"},"thumbnailUrl":"https:\/\/qronews.info\/wp-content\/uploads\/2026\/09\/depremisojuvent2608.webp","datePublished":"2026-08-26T16:38:29+00:00","dateModified":"2026-09-01T16:39:14+00:00","author":{"@id":"https:\/\/qronews.info\/#\/schema\/person\/a61b4145afe681f030552547c001d400"},"breadcrumb":{"@id":"https:\/\/qronews.info\/?p=2228#breadcrumb"},"inLanguage":"es","potentialAction":[{"@type":"ReadAction","target":["https:\/\/qronews.info\/?p=2228"]}]},{"@type":"ImageObject","inLanguage":"es","@id":"https:\/\/qronews.info\/?p=2228#primaryimage","url":"https:\/\/qronews.info\/wp-content\/uploads\/2026\/09\/depremisojuvent2608.webp","contentUrl":"https:\/\/qronews.info\/wp-content\/uploads\/2026\/09\/depremisojuvent2608.webp","width":1280,"height":853},{"@type":"BreadcrumbList","@id":"https:\/\/qronews.info\/?p=2228#breadcrumb","itemListElement":[{"@type":"ListItem","position":1,"name":"Portada","item":"https:\/\/qronews.info\/"},{"@type":"ListItem","position":2,"name":"Gobierno de Playa del Carmen entrega el Premio Municipal de la Juventud 2026"}]},{"@type":"WebSite","@id":"https:\/\/qronews.info\/#website","url":"https:\/\/qronews.info\/","name":"QRONEWS","description":"La verdad en tiempo Real","potentialAction":[{"@type":"SearchAction","target":{"@type":"EntryPoint","urlTemplate":"https:\/\/qronews.info\/?s={search_term_string}"},"query-input":{"@type":"PropertyValueSpecification","valueRequired":true,"valueName":"search_term_string"}}],"inLanguage":"es"},{"@type":"Person","@id":"https:\/\/qronews.info\/#\/schema\/person\/a61b4145afe681f030552547c001d400","name":"admin","image":{"@type":"ImageObject","inLanguage":"es","@id":"https:\/\/secure.gravatar.com\/avatar\/de29ac83f4f71d9b1b172632bab395e0035a81cb5f55c4d24e32c77bb89bb0c0?s=96&d=mm&r=g","url":"https:\/\/secure.gravatar.com\/avatar\/de29ac83f4f71d9b1b172632bab395e0035a81cb5f55c4d24e32c77bb89bb0c0?s=96&d=mm&r=g","contentUrl":"https:\/\/secure.gravatar.com\/avatar\/de29ac83f4f71d9b1b172632bab395e0035a81cb5f55c4d24e32c77bb89bb0c0?s=96&d=mm&r=g","caption":"admin"},"url":"https:\/\/qronews.info\/?author=1"}]}},"jetpack_sharing_enabled":true,"jetpack_featured_media_url":"https:\/\/qronews.info\/wp-content\/uploads\/2026\/09\/depremisojuvent2608.webp","_links":{"self":[{"href":"https:\/\/qronews.info\/index.php?rest_route=\/wp\/v2\/posts\/2228","targetHints":{"allow":["GET"]}}],"collection":[{"href":"https:\/\/qronews.info\/index.php?rest_route=\/wp\/v2\/posts"}],"about":[{"href":"https:\/\/qronews.info\/index.php?rest_route=\/wp\/v2\/types\/post"}],"author":[{"embeddable":true,"href":"https:\/\/qronews.info\/index.php?rest_route=\/wp\/v2\/users\/1"}],"replies":[{"embeddable":true,"href":"https:\/\/qronews.info\/index.php?rest_route=%2Fwp%2Fv2%2Fcomments&post=2228"}],"version-history":[{"count":1,"href":"https:\/\/qronews.info\/index.php?rest_route=\/wp\/v2\/posts\/2228\/revisions"}],"predecessor-version":[{"id":2229,"href":"https:\/\/qronews.info\/index.php?rest_route=\/wp\/v2\/posts\/2228\/revisions\/2229"}],"wp:featuredmedia":[{"embeddable":true,"href":"https:\/\/qronews.info\/index.php?rest_route=\/wp\/v2\/media\/2227"}],"wp:attachment":[{"href":"https:\/\/qronews.info\/index.php?rest_route=%2Fwp%2Fv2%2Fmedia&parent=2228"}],"wp:term":[{"taxonomy":"category","embeddable":true,"href":"https:\/\/qronews.info\/index.php?rest_route=%2Fwp%2Fv2%2Fcategories&post=2228"},{"taxonomy":"post_tag","embeddable":true,"href":"https:\/\/qronews.info\/index.php?rest_route=%2Fwp%2Fv2%2Ftags&post=2228"}],"curies":[{"name":"wp","href":"https:\/\/api.w.org\/{rel}","templated":true}]}}