{"id":2222,"date":"2026-08-24T10:58:29","date_gmt":"2026-08-24T15:58:29","guid":{"rendered":"https:\/\/qronews.info\/?p=2222"},"modified":"2026-09-01T10:59:04","modified_gmt":"2026-09-01T15:59:04","slug":"inicia-curso-se-verano-sin-limites-del-dif-cozumel","status":"publish","type":"post","link":"https:\/\/qronews.info\/?p=2222","title":{"rendered":"INICIA CURSO SE VERANO \u00abSIN L\u00cdMITES\u00bb DEL DIF COZUMEL"},"content":{"rendered":"\n<p class=\"wp-block-paragraph\">Con el firme compromiso de impulsar la inclusi\u00f3n, el desarrollo integral y el esparcimiento de las familias cozumele\u00f1as, el Sistema DIF Cozumel, presidido de manera honoraria por Diana Sosa Blanco, dio inicio formal al Curso de Verano \u00abSin L\u00edmites\u00bb.<br><br>Esta iniciativa impulsada dentro de las acciones del gobierno municipal que encabeza el presidente Jose Luis Chac\u00f3n re\u00fane a un total de 28 ni\u00f1as, ni\u00f1os y adolescentes con discapacidad en un espacio dise\u00f1ado para potenciar su talento, fortalecer su autonom\u00eda y fomentar la sana convivencia.<br><br>El curso es coordinado de manera conjunta por la Lic. Pamela C\u00e1mara Gamboa, titular de la Coordinaci\u00f3n de Inclusi\u00f3n a Personas con Discapacidad, y la Lic. Silvia C\u00e1rdenas Garc\u00eda, titular de la Coordinaci\u00f3n de Atenci\u00f3n a la Familia.<br><br>Durante esta jornada vacacional, los participantes disfrutan de las actividades del programa PILARES con talleres l\u00fadicos y din\u00e1micas adaptadas. Asimismo, el programa contempla salidas recreativas e formativas, entre las que destacan una visita especial al cine y un recorrido a la Estaci\u00f3n de Bomberos de Cozumel.<br><br>Las actividades se llevan a cabo en las instalaciones de la Coordinaci\u00f3n de Atenci\u00f3n a la Familia, ubicadas dentro del parque del DIF municipal, en la Calle 5 Sur, colonia Adolfo L\u00f3pez Mateos.<br><br>Con estas acciones, el DIF Cozumel reafirma su compromiso por una comunidad m\u00e1s incluyente, donde cada ni\u00f1a, ni\u00f1o y adolescente tenga las mismas oportunidades de aprender, divertirse y desarrollarse sin barreras.<\/p>\n","protected":false},"excerpt":{"rendered":"<p>Con el firme compromiso de impulsar la inclusi\u00f3n, el desarrollo integral y el esparcimiento de las familias cozumele\u00f1as, el Sistema DIF Cozumel, presidido de manera honoraria por Diana Sosa Blanco, dio inicio formal al Curso de Verano \u00abSin L\u00edmites\u00bb. Esta iniciativa impulsada dentro de las acciones del gobierno municipal que encabeza el presidente Jose Luis [&hellip;]<\/p>\n","protected":false},"author":1,"featured_media":2221,"comment_status":"open","ping_status":"open","sticky":false,"template":"","format":"standard","meta":{"_jetpack_newsletter_access":"","_jetpack_dont_email_post_to_subs":false,"_jetpack_newsletter_tier_id":0,"_jetpack_memberships_contains_paywalled_content":false,"_jetpack_memberships_contains_paid_content":false,"footnotes":""},"categories":[8,5],"tags":[],"class_list":["post-2222","post","type-post","status-publish","format-standard","has-post-thumbnail","hentry","category-cozumel","category-mas-recientes"],"yoast_head":"<!-- This site is optimized with the Yoast SEO plugin v28.3 - https:\/\/yoast.com\/product\/yoast-seo-wordpress\/ -->\n<title>INICIA CURSO SE VERANO &quot;SIN L\u00cdMITES&quot; DEL DIF COZUMEL - QRONEWS<\/title>\n<meta name=\"robots\" content=\"index, follow, max-snippet:-1, max-image-preview:large, max-video-preview:-1\" \/>\n<link rel=\"canonical\" href=\"https:\/\/qronews.info\/?p=2222\" \/>\n<meta property=\"og:locale\" content=\"es_ES\" \/>\n<meta property=\"og:type\" content=\"article\" \/>\n<meta property=\"og:title\" content=\"INICIA CURSO SE VERANO &quot;SIN L\u00cdMITES&quot; DEL DIF COZUMEL - QRONEWS\" \/>\n<meta property=\"og:description\" content=\"Con el firme compromiso de impulsar la inclusi\u00f3n, el desarrollo integral y el esparcimiento de las familias cozumele\u00f1as, el Sistema DIF Cozumel, presidido de manera honoraria por Diana Sosa Blanco, dio inicio formal al Curso de Verano \u00abSin L\u00edmites\u00bb. Esta iniciativa impulsada dentro de las acciones del gobierno municipal que encabeza el presidente Jose Luis [&hellip;]\" \/>\n<meta property=\"og:url\" content=\"https:\/\/qronews.info\/?p=2222\" \/>\n<meta property=\"og:site_name\" content=\"QRONEWS\" \/>\n<meta property=\"article:published_time\" content=\"2026-08-24T15:58:29+00:00\" \/>\n<meta property=\"article:modified_time\" content=\"2026-09-01T15:59:04+00:00\" \/>\n<meta property=\"og:image\" content=\"https:\/\/qronews.info\/wp-content\/uploads\/2026\/09\/IMG-20260824-WA0006.jpg\" \/>\n\t<meta property=\"og:image:width\" content=\"1600\" \/>\n\t<meta property=\"og:image:height\" content=\"1066\" \/>\n\t<meta property=\"og:image:type\" content=\"image\/jpeg\" \/>\n<meta name=\"author\" content=\"admin\" \/>\n<meta name=\"twitter:card\" content=\"summary_large_image\" \/>\n<meta name=\"twitter:label1\" content=\"Escrito por\" \/>\n\t<meta name=\"twitter:data1\" content=\"admin\" \/>\n\t<meta name=\"twitter:label2\" content=\"Tiempo de lectura\" \/>\n\t<meta name=\"twitter:data2\" content=\"1 minuto\" \/>\n<script type=\"application\/ld+json\" class=\"yoast-schema-graph\">{\"@context\":\"https:\\\/\\\/schema.org\",\"@graph\":[{\"@type\":\"Article\",\"@id\":\"https:\\\/\\\/qronews.info\\\/?p=2222#article\",\"isPartOf\":{\"@id\":\"https:\\\/\\\/qronews.info\\\/?p=2222\"},\"author\":{\"name\":\"admin\",\"@id\":\"https:\\\/\\\/qronews.info\\\/#\\\/schema\\\/person\\\/a61b4145afe681f030552547c001d400\"},\"headline\":\"INICIA CURSO SE VERANO \u00abSIN L\u00cdMITES\u00bb DEL DIF COZUMEL\",\"datePublished\":\"2026-08-24T15:58:29+00:00\",\"dateModified\":\"2026-09-01T15:59:04+00:00\",\"mainEntityOfPage\":{\"@id\":\"https:\\\/\\\/qronews.info\\\/?p=2222\"},\"wordCount\":265,\"commentCount\":0,\"image\":{\"@id\":\"https:\\\/\\\/qronews.info\\\/?p=2222#primaryimage\"},\"thumbnailUrl\":\"https:\\\/\\\/qronews.info\\\/wp-content\\\/uploads\\\/2026\\\/09\\\/IMG-20260824-WA0006.jpg\",\"articleSection\":[\"Cozumel\",\"M\u00e1s recientes\"],\"inLanguage\":\"es\",\"potentialAction\":[{\"@type\":\"CommentAction\",\"name\":\"Comment\",\"target\":[\"https:\\\/\\\/qronews.info\\\/?p=2222#respond\"]}]},{\"@type\":\"WebPage\",\"@id\":\"https:\\\/\\\/qronews.info\\\/?p=2222\",\"url\":\"https:\\\/\\\/qronews.info\\\/?p=2222\",\"name\":\"INICIA CURSO SE VERANO \\\"SIN L\u00cdMITES\\\" DEL DIF COZUMEL - QRONEWS\",\"isPartOf\":{\"@id\":\"https:\\\/\\\/qronews.info\\\/#website\"},\"primaryImageOfPage\":{\"@id\":\"https:\\\/\\\/qronews.info\\\/?p=2222#primaryimage\"},\"image\":{\"@id\":\"https:\\\/\\\/qronews.info\\\/?p=2222#primaryimage\"},\"thumbnailUrl\":\"https:\\\/\\\/qronews.info\\\/wp-content\\\/uploads\\\/2026\\\/09\\\/IMG-20260824-WA0006.jpg\",\"datePublished\":\"2026-08-24T15:58:29+00:00\",\"dateModified\":\"2026-09-01T15:59:04+00:00\",\"author\":{\"@id\":\"https:\\\/\\\/qronews.info\\\/#\\\/schema\\\/person\\\/a61b4145afe681f030552547c001d400\"},\"breadcrumb\":{\"@id\":\"https:\\\/\\\/qronews.info\\\/?p=2222#breadcrumb\"},\"inLanguage\":\"es\",\"potentialAction\":[{\"@type\":\"ReadAction\",\"target\":[\"https:\\\/\\\/qronews.info\\\/?p=2222\"]}]},{\"@type\":\"ImageObject\",\"inLanguage\":\"es\",\"@id\":\"https:\\\/\\\/qronews.info\\\/?p=2222#primaryimage\",\"url\":\"https:\\\/\\\/qronews.info\\\/wp-content\\\/uploads\\\/2026\\\/09\\\/IMG-20260824-WA0006.jpg\",\"contentUrl\":\"https:\\\/\\\/qronews.info\\\/wp-content\\\/uploads\\\/2026\\\/09\\\/IMG-20260824-WA0006.jpg\",\"width\":1600,\"height\":1066},{\"@type\":\"BreadcrumbList\",\"@id\":\"https:\\\/\\\/qronews.info\\\/?p=2222#breadcrumb\",\"itemListElement\":[{\"@type\":\"ListItem\",\"position\":1,\"name\":\"Portada\",\"item\":\"https:\\\/\\\/qronews.info\\\/\"},{\"@type\":\"ListItem\",\"position\":2,\"name\":\"INICIA CURSO SE VERANO \u00abSIN L\u00cdMITES\u00bb DEL DIF COZUMEL\"}]},{\"@type\":\"WebSite\",\"@id\":\"https:\\\/\\\/qronews.info\\\/#website\",\"url\":\"https:\\\/\\\/qronews.info\\\/\",\"name\":\"QRONEWS\",\"description\":\"La verdad en tiempo Real\",\"potentialAction\":[{\"@type\":\"SearchAction\",\"target\":{\"@type\":\"EntryPoint\",\"urlTemplate\":\"https:\\\/\\\/qronews.info\\\/?s={search_term_string}\"},\"query-input\":{\"@type\":\"PropertyValueSpecification\",\"valueRequired\":true,\"valueName\":\"search_term_string\"}}],\"inLanguage\":\"es\"},{\"@type\":\"Person\",\"@id\":\"https:\\\/\\\/qronews.info\\\/#\\\/schema\\\/person\\\/a61b4145afe681f030552547c001d400\",\"name\":\"admin\",\"image\":{\"@type\":\"ImageObject\",\"inLanguage\":\"es\",\"@id\":\"https:\\\/\\\/secure.gravatar.com\\\/avatar\\\/de29ac83f4f71d9b1b172632bab395e0035a81cb5f55c4d24e32c77bb89bb0c0?s=96&d=mm&r=g\",\"url\":\"https:\\\/\\\/secure.gravatar.com\\\/avatar\\\/de29ac83f4f71d9b1b172632bab395e0035a81cb5f55c4d24e32c77bb89bb0c0?s=96&d=mm&r=g\",\"contentUrl\":\"https:\\\/\\\/secure.gravatar.com\\\/avatar\\\/de29ac83f4f71d9b1b172632bab395e0035a81cb5f55c4d24e32c77bb89bb0c0?s=96&d=mm&r=g\",\"caption\":\"admin\"},\"url\":\"https:\\\/\\\/qronews.info\\\/?author=1\"}]}<\/script>\n<!-- \/ Yoast SEO plugin. -->","yoast_head_json":{"title":"INICIA CURSO SE VERANO \"SIN L\u00cdMITES\" DEL DIF COZUMEL - QRONEWS","robots":{"index":"index","follow":"follow","max-snippet":"max-snippet:-1","max-image-preview":"max-image-preview:large","max-video-preview":"max-video-preview:-1"},"canonical":"https:\/\/qronews.info\/?p=2222","og_locale":"es_ES","og_type":"article","og_title":"INICIA CURSO SE VERANO \"SIN L\u00cdMITES\" DEL DIF COZUMEL - QRONEWS","og_description":"Con el firme compromiso de impulsar la inclusi\u00f3n, el desarrollo integral y el esparcimiento de las familias cozumele\u00f1as, el Sistema DIF Cozumel, presidido de manera honoraria por Diana Sosa Blanco, dio inicio formal al Curso de Verano \u00abSin L\u00edmites\u00bb. Esta iniciativa impulsada dentro de las acciones del gobierno municipal que encabeza el presidente Jose Luis [&hellip;]","og_url":"https:\/\/qronews.info\/?p=2222","og_site_name":"QRONEWS","article_published_time":"2026-08-24T15:58:29+00:00","article_modified_time":"2026-09-01T15:59:04+00:00","og_image":[{"width":1600,"height":1066,"url":"https:\/\/qronews.info\/wp-content\/uploads\/2026\/09\/IMG-20260824-WA0006.jpg","type":"image\/jpeg"}],"author":"admin","twitter_card":"summary_large_image","twitter_misc":{"Escrito por":"admin","Tiempo de lectura":"1 minuto"},"schema":{"@context":"https:\/\/schema.org","@graph":[{"@type":"Article","@id":"https:\/\/qronews.info\/?p=2222#article","isPartOf":{"@id":"https:\/\/qronews.info\/?p=2222"},"author":{"name":"admin","@id":"https:\/\/qronews.info\/#\/schema\/person\/a61b4145afe681f030552547c001d400"},"headline":"INICIA CURSO SE VERANO \u00abSIN L\u00cdMITES\u00bb DEL DIF COZUMEL","datePublished":"2026-08-24T15:58:29+00:00","dateModified":"2026-09-01T15:59:04+00:00","mainEntityOfPage":{"@id":"https:\/\/qronews.info\/?p=2222"},"wordCount":265,"commentCount":0,"image":{"@id":"https:\/\/qronews.info\/?p=2222#primaryimage"},"thumbnailUrl":"https:\/\/qronews.info\/wp-content\/uploads\/2026\/09\/IMG-20260824-WA0006.jpg","articleSection":["Cozumel","M\u00e1s recientes"],"inLanguage":"es","potentialAction":[{"@type":"CommentAction","name":"Comment","target":["https:\/\/qronews.info\/?p=2222#respond"]}]},{"@type":"WebPage","@id":"https:\/\/qronews.info\/?p=2222","url":"https:\/\/qronews.info\/?p=2222","name":"INICIA CURSO SE VERANO \"SIN L\u00cdMITES\" DEL DIF COZUMEL - QRONEWS","isPartOf":{"@id":"https:\/\/qronews.info\/#website"},"primaryImageOfPage":{"@id":"https:\/\/qronews.info\/?p=2222#primaryimage"},"image":{"@id":"https:\/\/qronews.info\/?p=2222#primaryimage"},"thumbnailUrl":"https:\/\/qronews.info\/wp-content\/uploads\/2026\/09\/IMG-20260824-WA0006.jpg","datePublished":"2026-08-24T15:58:29+00:00","dateModified":"2026-09-01T15:59:04+00:00","author":{"@id":"https:\/\/qronews.info\/#\/schema\/person\/a61b4145afe681f030552547c001d400"},"breadcrumb":{"@id":"https:\/\/qronews.info\/?p=2222#breadcrumb"},"inLanguage":"es","potentialAction":[{"@type":"ReadAction","target":["https:\/\/qronews.info\/?p=2222"]}]},{"@type":"ImageObject","inLanguage":"es","@id":"https:\/\/qronews.info\/?p=2222#primaryimage","url":"https:\/\/qronews.info\/wp-content\/uploads\/2026\/09\/IMG-20260824-WA0006.jpg","contentUrl":"https:\/\/qronews.info\/wp-content\/uploads\/2026\/09\/IMG-20260824-WA0006.jpg","width":1600,"height":1066},{"@type":"BreadcrumbList","@id":"https:\/\/qronews.info\/?p=2222#breadcrumb","itemListElement":[{"@type":"ListItem","position":1,"name":"Portada","item":"https:\/\/qronews.info\/"},{"@type":"ListItem","position":2,"name":"INICIA CURSO SE VERANO \u00abSIN L\u00cdMITES\u00bb DEL DIF COZUMEL"}]},{"@type":"WebSite","@id":"https:\/\/qronews.info\/#website","url":"https:\/\/qronews.info\/","name":"QRONEWS","description":"La verdad en tiempo Real","potentialAction":[{"@type":"SearchAction","target":{"@type":"EntryPoint","urlTemplate":"https:\/\/qronews.info\/?s={search_term_string}"},"query-input":{"@type":"PropertyValueSpecification","valueRequired":true,"valueName":"search_term_string"}}],"inLanguage":"es"},{"@type":"Person","@id":"https:\/\/qronews.info\/#\/schema\/person\/a61b4145afe681f030552547c001d400","name":"admin","image":{"@type":"ImageObject","inLanguage":"es","@id":"https:\/\/secure.gravatar.com\/avatar\/de29ac83f4f71d9b1b172632bab395e0035a81cb5f55c4d24e32c77bb89bb0c0?s=96&d=mm&r=g","url":"https:\/\/secure.gravatar.com\/avatar\/de29ac83f4f71d9b1b172632bab395e0035a81cb5f55c4d24e32c77bb89bb0c0?s=96&d=mm&r=g","contentUrl":"https:\/\/secure.gravatar.com\/avatar\/de29ac83f4f71d9b1b172632bab395e0035a81cb5f55c4d24e32c77bb89bb0c0?s=96&d=mm&r=g","caption":"admin"},"url":"https:\/\/qronews.info\/?author=1"}]}},"jetpack_sharing_enabled":true,"jetpack_featured_media_url":"https:\/\/qronews.info\/wp-content\/uploads\/2026\/09\/IMG-20260824-WA0006.jpg","_links":{"self":[{"href":"https:\/\/qronews.info\/index.php?rest_route=\/wp\/v2\/posts\/2222","targetHints":{"allow":["GET"]}}],"collection":[{"href":"https:\/\/qronews.info\/index.php?rest_route=\/wp\/v2\/posts"}],"about":[{"href":"https:\/\/qronews.info\/index.php?rest_route=\/wp\/v2\/types\/post"}],"author":[{"embeddable":true,"href":"https:\/\/qronews.info\/index.php?rest_route=\/wp\/v2\/users\/1"}],"replies":[{"embeddable":true,"href":"https:\/\/qronews.info\/index.php?rest_route=%2Fwp%2Fv2%2Fcomments&post=2222"}],"version-history":[{"count":1,"href":"https:\/\/qronews.info\/index.php?rest_route=\/wp\/v2\/posts\/2222\/revisions"}],"predecessor-version":[{"id":2223,"href":"https:\/\/qronews.info\/index.php?rest_route=\/wp\/v2\/posts\/2222\/revisions\/2223"}],"wp:featuredmedia":[{"embeddable":true,"href":"https:\/\/qronews.info\/index.php?rest_route=\/wp\/v2\/media\/2221"}],"wp:attachment":[{"href":"https:\/\/qronews.info\/index.php?rest_route=%2Fwp%2Fv2%2Fmedia&parent=2222"}],"wp:term":[{"taxonomy":"category","embeddable":true,"href":"https:\/\/qronews.info\/index.php?rest_route=%2Fwp%2Fv2%2Fcategories&post=2222"},{"taxonomy":"post_tag","embeddable":true,"href":"https:\/\/qronews.info\/index.php?rest_route=%2Fwp%2Fv2%2Ftags&post=2222"}],"curies":[{"name":"wp","href":"https:\/\/api.w.org\/{rel}","templated":true}]}}