{"id":2212,"date":"2026-08-21T10:02:42","date_gmt":"2026-08-21T15:02:42","guid":{"rendered":"https:\/\/qronews.info\/?p=2212"},"modified":"2026-09-01T10:03:18","modified_gmt":"2026-09-01T15:03:18","slug":"asigna-seq-plazas-de-nuevo-ingreso-y-promocion-vertical-en-educacion-basica-2026-y-2027","status":"publish","type":"post","link":"https:\/\/qronews.info\/?p=2212","title":{"rendered":"ASIGNA SEQ PLAZAS DE NUEVO INGRESO Y PROMOCION VERTICAL EN EDUCACI\u00d3N B\u00c1SICA 2026 Y 2027"},"content":{"rendered":"\n<p class=\"wp-block-paragraph\">La gesti\u00f3n de la gobernadora Mara Lezama ha sido determinante para la asignaci\u00f3n de plazas a un mayor n\u00famero de docentes<br><br>Chetumal.- En el marco de la Ley General del Sistema para la Carrera de las Maestras y los Maestros, la Secretar\u00eda de Educaci\u00f3n de Quintana Roo (SEQ) que dirige su titular, Elda Xix Eu\u00e1n, asign\u00f3 plazas vacantes definitivas a las figuras educativas del proceso de admisi\u00f3n y de promoci\u00f3n vertical en Educaci\u00f3n B\u00e1sica 2026-2027.<br><br>A trav\u00e9s del Nuevo Acuerdo para el Bienestar y Desarrollo de Quintana Roo que impulsa la gobernadora Mara Lezama Espinosa, se realizan acciones en beneficio de las y los maestros, para que puedan contar con una plaza de trabajo de nuevo ingreso o promocionarse para ocupar plazas directivas.<br><br>En representaci\u00f3n de la titular de la SEQ, el subsecretario de Educaci\u00f3n B\u00e1sica, Lorenzo Olivera Gonz\u00e1lez felicit\u00f3 a las y los docentes beneficiados con las asignaciones, destacando que ello es fruto de su esfuerzo y dedicaci\u00f3n en beneficio de educaci\u00f3n de las ni\u00f1as, ni\u00f1os y adolescentes de Quintana Roo y se\u00f1al\u00f3 que ha sido determinante la gesti\u00f3n de la gobernadora Mara Lezama para la asignaci\u00f3n de plazas a un mayor n\u00famero de docentes.<br><br>En cuanto al proceso de admisi\u00f3n o nuevo ingreso, se asignaron 43 plazas definitivas, de las cuales 5 son de Educaci\u00f3n Especial (Intelectual), 2 de Educaci\u00f3n Especial (Auditiva y Lenguaje), 9 de Educaci\u00f3n Inicial Ind\u00edgena, una de Preescolar Ind\u00edgena, 2 de Primaria Ind\u00edgena, una de Telesecundaria y 23 de Primaria General.<br><br>En lo que respecta a promoci\u00f3n vertical, se otorgaron 6 plazas de director de Preescolar, de las cuales una es definitiva y 5 temporales; 3 temporales para director de Primaria; una temporal para director de Primaria Ind\u00edgena; 2 plazas definitivas para subdirector de Secundaria General; 2 plazas definitivas para subdirector de Secundaria T\u00e9cnica; 2 plazas definitivas para director de Secundaria T\u00e9cnica; y 2 plazas definitivas para director de Telesecundaria.<br><br>cgc.qroo.gob.mx<br>qroo.gob.mx<\/p>\n","protected":false},"excerpt":{"rendered":"<p>La gesti\u00f3n de la gobernadora Mara Lezama ha sido determinante para la asignaci\u00f3n de plazas a un mayor n\u00famero de docentes Chetumal.- En el marco de la Ley General del Sistema para la Carrera de las Maestras y los Maestros, la Secretar\u00eda de Educaci\u00f3n de Quintana Roo (SEQ) que dirige su titular, Elda Xix Eu\u00e1n, [&hellip;]<\/p>\n","protected":false},"author":1,"featured_media":2211,"comment_status":"open","ping_status":"open","sticky":false,"template":"","format":"standard","meta":{"_jetpack_newsletter_access":"","_jetpack_dont_email_post_to_subs":false,"_jetpack_newsletter_tier_id":0,"_jetpack_memberships_contains_paywalled_content":false,"_jetpack_memberships_contains_paid_content":false,"footnotes":""},"categories":[4,5],"tags":[],"class_list":["post-2212","post","type-post","status-publish","format-standard","has-post-thumbnail","hentry","category-estados","category-mas-recientes"],"yoast_head":"<!-- This site is optimized with the Yoast SEO plugin v28.4 - https:\/\/yoast.com\/product\/yoast-seo-wordpress\/ -->\n<title>ASIGNA SEQ PLAZAS DE NUEVO INGRESO Y PROMOCION VERTICAL EN EDUCACI\u00d3N B\u00c1SICA 2026 Y 2027 - QRONEWS<\/title>\n<meta name=\"robots\" content=\"index, follow, max-snippet:-1, max-image-preview:large, max-video-preview:-1\" \/>\n<link rel=\"canonical\" href=\"https:\/\/qronews.info\/?p=2212\" \/>\n<meta property=\"og:locale\" content=\"es_ES\" \/>\n<meta property=\"og:type\" content=\"article\" \/>\n<meta property=\"og:title\" content=\"ASIGNA SEQ PLAZAS DE NUEVO INGRESO Y PROMOCION VERTICAL EN EDUCACI\u00d3N B\u00c1SICA 2026 Y 2027 - QRONEWS\" \/>\n<meta property=\"og:description\" content=\"La gesti\u00f3n de la gobernadora Mara Lezama ha sido determinante para la asignaci\u00f3n de plazas a un mayor n\u00famero de docentes Chetumal.- En el marco de la Ley General del Sistema para la Carrera de las Maestras y los Maestros, la Secretar\u00eda de Educaci\u00f3n de Quintana Roo (SEQ) que dirige su titular, Elda Xix Eu\u00e1n, [&hellip;]\" \/>\n<meta property=\"og:url\" content=\"https:\/\/qronews.info\/?p=2212\" \/>\n<meta property=\"og:site_name\" content=\"QRONEWS\" \/>\n<meta property=\"article:published_time\" content=\"2026-08-21T15:02:42+00:00\" \/>\n<meta property=\"article:modified_time\" content=\"2026-09-01T15:03:18+00:00\" \/>\n<meta property=\"og:image\" content=\"https:\/\/qronews.info\/wp-content\/uploads\/2026\/09\/IMG-20260820-WA0012-scaled.jpg\" \/>\n\t<meta property=\"og:image:width\" content=\"2560\" \/>\n\t<meta property=\"og:image:height\" content=\"1464\" \/>\n\t<meta property=\"og:image:type\" content=\"image\/jpeg\" \/>\n<meta name=\"author\" content=\"admin\" \/>\n<meta name=\"twitter:card\" content=\"summary_large_image\" \/>\n<meta name=\"twitter:label1\" content=\"Escrito por\" \/>\n\t<meta name=\"twitter:data1\" content=\"admin\" \/>\n\t<meta name=\"twitter:label2\" content=\"Tiempo de lectura\" \/>\n\t<meta name=\"twitter:data2\" content=\"2 minutos\" \/>\n<script type=\"application\/ld+json\" class=\"yoast-schema-graph\">{\"@context\":\"https:\\\/\\\/schema.org\",\"@graph\":[{\"@type\":\"Article\",\"@id\":\"https:\\\/\\\/qronews.info\\\/?p=2212#article\",\"isPartOf\":{\"@id\":\"https:\\\/\\\/qronews.info\\\/?p=2212\"},\"author\":{\"name\":\"admin\",\"@id\":\"https:\\\/\\\/qronews.info\\\/#\\\/schema\\\/person\\\/a61b4145afe681f030552547c001d400\"},\"headline\":\"ASIGNA SEQ PLAZAS DE NUEVO INGRESO Y PROMOCION VERTICAL EN EDUCACI\u00d3N B\u00c1SICA 2026 Y 2027\",\"datePublished\":\"2026-08-21T15:02:42+00:00\",\"dateModified\":\"2026-09-01T15:03:18+00:00\",\"mainEntityOfPage\":{\"@id\":\"https:\\\/\\\/qronews.info\\\/?p=2212\"},\"wordCount\":359,\"commentCount\":0,\"image\":{\"@id\":\"https:\\\/\\\/qronews.info\\\/?p=2212#primaryimage\"},\"thumbnailUrl\":\"https:\\\/\\\/qronews.info\\\/wp-content\\\/uploads\\\/2026\\\/09\\\/IMG-20260820-WA0012-scaled.jpg\",\"articleSection\":[\"Estado\",\"M\u00e1s recientes\"],\"inLanguage\":\"es\",\"potentialAction\":[{\"@type\":\"CommentAction\",\"name\":\"Comment\",\"target\":[\"https:\\\/\\\/qronews.info\\\/?p=2212#respond\"]}]},{\"@type\":\"WebPage\",\"@id\":\"https:\\\/\\\/qronews.info\\\/?p=2212\",\"url\":\"https:\\\/\\\/qronews.info\\\/?p=2212\",\"name\":\"ASIGNA SEQ PLAZAS DE NUEVO INGRESO Y PROMOCION VERTICAL EN EDUCACI\u00d3N B\u00c1SICA 2026 Y 2027 - QRONEWS\",\"isPartOf\":{\"@id\":\"https:\\\/\\\/qronews.info\\\/#website\"},\"primaryImageOfPage\":{\"@id\":\"https:\\\/\\\/qronews.info\\\/?p=2212#primaryimage\"},\"image\":{\"@id\":\"https:\\\/\\\/qronews.info\\\/?p=2212#primaryimage\"},\"thumbnailUrl\":\"https:\\\/\\\/qronews.info\\\/wp-content\\\/uploads\\\/2026\\\/09\\\/IMG-20260820-WA0012-scaled.jpg\",\"datePublished\":\"2026-08-21T15:02:42+00:00\",\"dateModified\":\"2026-09-01T15:03:18+00:00\",\"author\":{\"@id\":\"https:\\\/\\\/qronews.info\\\/#\\\/schema\\\/person\\\/a61b4145afe681f030552547c001d400\"},\"breadcrumb\":{\"@id\":\"https:\\\/\\\/qronews.info\\\/?p=2212#breadcrumb\"},\"inLanguage\":\"es\",\"potentialAction\":[{\"@type\":\"ReadAction\",\"target\":[\"https:\\\/\\\/qronews.info\\\/?p=2212\"]}]},{\"@type\":\"ImageObject\",\"inLanguage\":\"es\",\"@id\":\"https:\\\/\\\/qronews.info\\\/?p=2212#primaryimage\",\"url\":\"https:\\\/\\\/qronews.info\\\/wp-content\\\/uploads\\\/2026\\\/09\\\/IMG-20260820-WA0012-scaled.jpg\",\"contentUrl\":\"https:\\\/\\\/qronews.info\\\/wp-content\\\/uploads\\\/2026\\\/09\\\/IMG-20260820-WA0012-scaled.jpg\",\"width\":2560,\"height\":1464},{\"@type\":\"BreadcrumbList\",\"@id\":\"https:\\\/\\\/qronews.info\\\/?p=2212#breadcrumb\",\"itemListElement\":[{\"@type\":\"ListItem\",\"position\":1,\"name\":\"Portada\",\"item\":\"https:\\\/\\\/qronews.info\\\/\"},{\"@type\":\"ListItem\",\"position\":2,\"name\":\"ASIGNA SEQ PLAZAS DE NUEVO INGRESO Y PROMOCION VERTICAL EN EDUCACI\u00d3N B\u00c1SICA 2026 Y 2027\"}]},{\"@type\":\"WebSite\",\"@id\":\"https:\\\/\\\/qronews.info\\\/#website\",\"url\":\"https:\\\/\\\/qronews.info\\\/\",\"name\":\"QRONEWS\",\"description\":\"La verdad en tiempo Real\",\"potentialAction\":[{\"@type\":\"SearchAction\",\"target\":{\"@type\":\"EntryPoint\",\"urlTemplate\":\"https:\\\/\\\/qronews.info\\\/?s={search_term_string}\"},\"query-input\":{\"@type\":\"PropertyValueSpecification\",\"valueRequired\":true,\"valueName\":\"search_term_string\"}}],\"inLanguage\":\"es\"},{\"@type\":\"Person\",\"@id\":\"https:\\\/\\\/qronews.info\\\/#\\\/schema\\\/person\\\/a61b4145afe681f030552547c001d400\",\"name\":\"admin\",\"image\":{\"@type\":\"ImageObject\",\"inLanguage\":\"es\",\"@id\":\"https:\\\/\\\/secure.gravatar.com\\\/avatar\\\/de29ac83f4f71d9b1b172632bab395e0035a81cb5f55c4d24e32c77bb89bb0c0?s=96&d=mm&r=g\",\"url\":\"https:\\\/\\\/secure.gravatar.com\\\/avatar\\\/de29ac83f4f71d9b1b172632bab395e0035a81cb5f55c4d24e32c77bb89bb0c0?s=96&d=mm&r=g\",\"contentUrl\":\"https:\\\/\\\/secure.gravatar.com\\\/avatar\\\/de29ac83f4f71d9b1b172632bab395e0035a81cb5f55c4d24e32c77bb89bb0c0?s=96&d=mm&r=g\",\"caption\":\"admin\"},\"url\":\"https:\\\/\\\/qronews.info\\\/?author=1\"}]}<\/script>\n<!-- \/ Yoast SEO plugin. -->","yoast_head_json":{"title":"ASIGNA SEQ PLAZAS DE NUEVO INGRESO Y PROMOCION VERTICAL EN EDUCACI\u00d3N B\u00c1SICA 2026 Y 2027 - QRONEWS","robots":{"index":"index","follow":"follow","max-snippet":"max-snippet:-1","max-image-preview":"max-image-preview:large","max-video-preview":"max-video-preview:-1"},"canonical":"https:\/\/qronews.info\/?p=2212","og_locale":"es_ES","og_type":"article","og_title":"ASIGNA SEQ PLAZAS DE NUEVO INGRESO Y PROMOCION VERTICAL EN EDUCACI\u00d3N B\u00c1SICA 2026 Y 2027 - QRONEWS","og_description":"La gesti\u00f3n de la gobernadora Mara Lezama ha sido determinante para la asignaci\u00f3n de plazas a un mayor n\u00famero de docentes Chetumal.- En el marco de la Ley General del Sistema para la Carrera de las Maestras y los Maestros, la Secretar\u00eda de Educaci\u00f3n de Quintana Roo (SEQ) que dirige su titular, Elda Xix Eu\u00e1n, [&hellip;]","og_url":"https:\/\/qronews.info\/?p=2212","og_site_name":"QRONEWS","article_published_time":"2026-08-21T15:02:42+00:00","article_modified_time":"2026-09-01T15:03:18+00:00","og_image":[{"width":2560,"height":1464,"url":"https:\/\/qronews.info\/wp-content\/uploads\/2026\/09\/IMG-20260820-WA0012-scaled.jpg","type":"image\/jpeg"}],"author":"admin","twitter_card":"summary_large_image","twitter_misc":{"Escrito por":"admin","Tiempo de lectura":"2 minutos"},"schema":{"@context":"https:\/\/schema.org","@graph":[{"@type":"Article","@id":"https:\/\/qronews.info\/?p=2212#article","isPartOf":{"@id":"https:\/\/qronews.info\/?p=2212"},"author":{"name":"admin","@id":"https:\/\/qronews.info\/#\/schema\/person\/a61b4145afe681f030552547c001d400"},"headline":"ASIGNA SEQ PLAZAS DE NUEVO INGRESO Y PROMOCION VERTICAL EN EDUCACI\u00d3N B\u00c1SICA 2026 Y 2027","datePublished":"2026-08-21T15:02:42+00:00","dateModified":"2026-09-01T15:03:18+00:00","mainEntityOfPage":{"@id":"https:\/\/qronews.info\/?p=2212"},"wordCount":359,"commentCount":0,"image":{"@id":"https:\/\/qronews.info\/?p=2212#primaryimage"},"thumbnailUrl":"https:\/\/qronews.info\/wp-content\/uploads\/2026\/09\/IMG-20260820-WA0012-scaled.jpg","articleSection":["Estado","M\u00e1s recientes"],"inLanguage":"es","potentialAction":[{"@type":"CommentAction","name":"Comment","target":["https:\/\/qronews.info\/?p=2212#respond"]}]},{"@type":"WebPage","@id":"https:\/\/qronews.info\/?p=2212","url":"https:\/\/qronews.info\/?p=2212","name":"ASIGNA SEQ PLAZAS DE NUEVO INGRESO Y PROMOCION VERTICAL EN EDUCACI\u00d3N B\u00c1SICA 2026 Y 2027 - QRONEWS","isPartOf":{"@id":"https:\/\/qronews.info\/#website"},"primaryImageOfPage":{"@id":"https:\/\/qronews.info\/?p=2212#primaryimage"},"image":{"@id":"https:\/\/qronews.info\/?p=2212#primaryimage"},"thumbnailUrl":"https:\/\/qronews.info\/wp-content\/uploads\/2026\/09\/IMG-20260820-WA0012-scaled.jpg","datePublished":"2026-08-21T15:02:42+00:00","dateModified":"2026-09-01T15:03:18+00:00","author":{"@id":"https:\/\/qronews.info\/#\/schema\/person\/a61b4145afe681f030552547c001d400"},"breadcrumb":{"@id":"https:\/\/qronews.info\/?p=2212#breadcrumb"},"inLanguage":"es","potentialAction":[{"@type":"ReadAction","target":["https:\/\/qronews.info\/?p=2212"]}]},{"@type":"ImageObject","inLanguage":"es","@id":"https:\/\/qronews.info\/?p=2212#primaryimage","url":"https:\/\/qronews.info\/wp-content\/uploads\/2026\/09\/IMG-20260820-WA0012-scaled.jpg","contentUrl":"https:\/\/qronews.info\/wp-content\/uploads\/2026\/09\/IMG-20260820-WA0012-scaled.jpg","width":2560,"height":1464},{"@type":"BreadcrumbList","@id":"https:\/\/qronews.info\/?p=2212#breadcrumb","itemListElement":[{"@type":"ListItem","position":1,"name":"Portada","item":"https:\/\/qronews.info\/"},{"@type":"ListItem","position":2,"name":"ASIGNA SEQ PLAZAS DE NUEVO INGRESO Y PROMOCION VERTICAL EN EDUCACI\u00d3N B\u00c1SICA 2026 Y 2027"}]},{"@type":"WebSite","@id":"https:\/\/qronews.info\/#website","url":"https:\/\/qronews.info\/","name":"QRONEWS","description":"La verdad en tiempo Real","potentialAction":[{"@type":"SearchAction","target":{"@type":"EntryPoint","urlTemplate":"https:\/\/qronews.info\/?s={search_term_string}"},"query-input":{"@type":"PropertyValueSpecification","valueRequired":true,"valueName":"search_term_string"}}],"inLanguage":"es"},{"@type":"Person","@id":"https:\/\/qronews.info\/#\/schema\/person\/a61b4145afe681f030552547c001d400","name":"admin","image":{"@type":"ImageObject","inLanguage":"es","@id":"https:\/\/secure.gravatar.com\/avatar\/de29ac83f4f71d9b1b172632bab395e0035a81cb5f55c4d24e32c77bb89bb0c0?s=96&d=mm&r=g","url":"https:\/\/secure.gravatar.com\/avatar\/de29ac83f4f71d9b1b172632bab395e0035a81cb5f55c4d24e32c77bb89bb0c0?s=96&d=mm&r=g","contentUrl":"https:\/\/secure.gravatar.com\/avatar\/de29ac83f4f71d9b1b172632bab395e0035a81cb5f55c4d24e32c77bb89bb0c0?s=96&d=mm&r=g","caption":"admin"},"url":"https:\/\/qronews.info\/?author=1"}]}},"jetpack_sharing_enabled":true,"jetpack_featured_media_url":"https:\/\/qronews.info\/wp-content\/uploads\/2026\/09\/IMG-20260820-WA0012-scaled.jpg","_links":{"self":[{"href":"https:\/\/qronews.info\/index.php?rest_route=\/wp\/v2\/posts\/2212","targetHints":{"allow":["GET"]}}],"collection":[{"href":"https:\/\/qronews.info\/index.php?rest_route=\/wp\/v2\/posts"}],"about":[{"href":"https:\/\/qronews.info\/index.php?rest_route=\/wp\/v2\/types\/post"}],"author":[{"embeddable":true,"href":"https:\/\/qronews.info\/index.php?rest_route=\/wp\/v2\/users\/1"}],"replies":[{"embeddable":true,"href":"https:\/\/qronews.info\/index.php?rest_route=%2Fwp%2Fv2%2Fcomments&post=2212"}],"version-history":[{"count":1,"href":"https:\/\/qronews.info\/index.php?rest_route=\/wp\/v2\/posts\/2212\/revisions"}],"predecessor-version":[{"id":2213,"href":"https:\/\/qronews.info\/index.php?rest_route=\/wp\/v2\/posts\/2212\/revisions\/2213"}],"wp:featuredmedia":[{"embeddable":true,"href":"https:\/\/qronews.info\/index.php?rest_route=\/wp\/v2\/media\/2211"}],"wp:attachment":[{"href":"https:\/\/qronews.info\/index.php?rest_route=%2Fwp%2Fv2%2Fmedia&parent=2212"}],"wp:term":[{"taxonomy":"category","embeddable":true,"href":"https:\/\/qronews.info\/index.php?rest_route=%2Fwp%2Fv2%2Fcategories&post=2212"},{"taxonomy":"post_tag","embeddable":true,"href":"https:\/\/qronews.info\/index.php?rest_route=%2Fwp%2Fv2%2Ftags&post=2212"}],"curies":[{"name":"wp","href":"https:\/\/api.w.org\/{rel}","templated":true}]}}