{"id":2200,"date":"2026-08-17T09:41:26","date_gmt":"2026-08-17T14:41:26","guid":{"rendered":"https:\/\/qronews.info\/?p=2200"},"modified":"2026-09-01T09:42:04","modified_gmt":"2026-09-01T14:42:04","slug":"invita-fpmc-a-la-inauguracion-de-la-exposicion-fotografica-un-mundo-siete-miradas","status":"publish","type":"post","link":"https:\/\/qronews.info\/?p=2200","title":{"rendered":"INVITA FPMC A LA INAUGURACI\u00d3N DE LA EXPOSICI\u00d3N FOTOGRAFICA \u00abUN MUNDO, SIETE MIRADAS\u00bb"},"content":{"rendered":"\n<p class=\"wp-block-paragraph\">El evento inaugural ser\u00e1 el viernes 21 de agosto a las 20:00 horas en el Museo de la Isla, con entrada libre<br><br>Cozumel.- La Fundaci\u00f3n de Parques y Museos de Cozumel (FPMC) invita a la comunidad a la inauguraci\u00f3n de la exposici\u00f3n fotogr\u00e1fica \u201cUn Mundo, Siete Miradas\u201d, una muestra colectiva que re\u00fane el trabajo de los fot\u00f3grafos Aiyana Alcala, Tati Biermas, Laura Cochran, Adonay Saucedo, Paul Von der Heyden, Sharon Hansen y Telmo Villanueva.<br><br>La directora del Museo de la Isla, Isela Carrillo Cupul, explic\u00f3 que la exposici\u00f3n surge de una reflexi\u00f3n sobre la manera en que cada persona observa y comprende su entorno. Aunque todos compartimos el mismo mundo, cada mirada descubre detalles, emociones e historias distintas.<br><br>\u201cLos fot\u00f3grafos tienen la capacidad de ir m\u00e1s all\u00e1 de lo evidente y encontrar composiciones \u00fanicas a trav\u00e9s de la luz, las sombras, los colores, las texturas y los momentos que capturan. Esta exposici\u00f3n permite al p\u00fablico adentrarse en siete perspectivas diferentes del mundo que nos rodea\u201d, se\u00f1al\u00f3.<br><br>Agreg\u00f3 que la muestra tambi\u00e9n invita a reflexionar sobre el papel de la fotograf\u00eda en la actualidad, una disciplina que hoy est\u00e1 al alcance de pr\u00e1cticamente todas las personas y que permite expresar la forma particular en que cada quien interpreta la realidad.<br><br>La museograf\u00eda de la exposici\u00f3n est\u00e1 a cargo de la muse\u00f3grafa Satoko Kitamura, quien est\u00e1 dise\u00f1ando un recorrido que favorece el di\u00e1logo entre las distintas visiones de los artistas participantes, quienes han encontrado en el Museo de la Isla un espacio para la difusi\u00f3n de su trabajo.<br><br>Para finalizar, la directora del museo reiter\u00f3 la invitaci\u00f3n a la inauguraci\u00f3n, que se llevar\u00e1 a cabo el viernes 21 de agosto a las 20:00 horas en el Museo de la Isla, con entrada libre para quienes deseen disfrutar de esta experiencia visual y descubrir c\u00f3mo siete fot\u00f3grafos interpretan el mundo a trav\u00e9s de su lente.<br><br>La exposici\u00f3n plantea una pregunta tan sencilla como profunda: \u00bfC\u00f3mo encuadrar\u00e1s tu mundo?<br><br>cgc.qroo.gob.mx<br>qroo.gob.mx<\/p>\n","protected":false},"excerpt":{"rendered":"<p>El evento inaugural ser\u00e1 el viernes 21 de agosto a las 20:00 horas en el Museo de la Isla, con entrada libre Cozumel.- La Fundaci\u00f3n de Parques y Museos de Cozumel (FPMC) invita a la comunidad a la inauguraci\u00f3n de la exposici\u00f3n fotogr\u00e1fica \u201cUn Mundo, Siete Miradas\u201d, una muestra colectiva que re\u00fane el trabajo de [&hellip;]<\/p>\n","protected":false},"author":1,"featured_media":2199,"comment_status":"open","ping_status":"open","sticky":false,"template":"","format":"standard","meta":{"_jetpack_newsletter_access":"","_jetpack_dont_email_post_to_subs":false,"_jetpack_newsletter_tier_id":0,"_jetpack_memberships_contains_paywalled_content":false,"_jetpack_memberships_contains_paid_content":false,"footnotes":""},"categories":[8,5],"tags":[],"class_list":["post-2200","post","type-post","status-publish","format-standard","has-post-thumbnail","hentry","category-cozumel","category-mas-recientes"],"yoast_head":"<!-- This site is optimized with the Yoast SEO plugin v28.4 - https:\/\/yoast.com\/product\/yoast-seo-wordpress\/ -->\n<title>INVITA FPMC A LA INAUGURACI\u00d3N DE LA EXPOSICI\u00d3N FOTOGRAFICA &quot;UN MUNDO, SIETE MIRADAS&quot; - QRONEWS<\/title>\n<meta name=\"robots\" content=\"index, follow, max-snippet:-1, max-image-preview:large, max-video-preview:-1\" \/>\n<link rel=\"canonical\" href=\"https:\/\/qronews.info\/?p=2200\" \/>\n<meta property=\"og:locale\" content=\"es_ES\" \/>\n<meta property=\"og:type\" content=\"article\" \/>\n<meta property=\"og:title\" content=\"INVITA FPMC A LA INAUGURACI\u00d3N DE LA EXPOSICI\u00d3N FOTOGRAFICA &quot;UN MUNDO, SIETE MIRADAS&quot; - QRONEWS\" \/>\n<meta property=\"og:description\" content=\"El evento inaugural ser\u00e1 el viernes 21 de agosto a las 20:00 horas en el Museo de la Isla, con entrada libre Cozumel.- La Fundaci\u00f3n de Parques y Museos de Cozumel (FPMC) invita a la comunidad a la inauguraci\u00f3n de la exposici\u00f3n fotogr\u00e1fica \u201cUn Mundo, Siete Miradas\u201d, una muestra colectiva que re\u00fane el trabajo de [&hellip;]\" \/>\n<meta property=\"og:url\" content=\"https:\/\/qronews.info\/?p=2200\" \/>\n<meta property=\"og:site_name\" content=\"QRONEWS\" \/>\n<meta property=\"article:published_time\" content=\"2026-08-17T14:41:26+00:00\" \/>\n<meta property=\"article:modified_time\" content=\"2026-09-01T14:42:04+00:00\" \/>\n<meta property=\"og:image\" content=\"https:\/\/qronews.info\/wp-content\/uploads\/2026\/09\/IMG-20260817-WA0022.jpg\" \/>\n\t<meta property=\"og:image:width\" content=\"723\" \/>\n\t<meta property=\"og:image:height\" content=\"696\" \/>\n\t<meta property=\"og:image:type\" content=\"image\/jpeg\" \/>\n<meta name=\"author\" content=\"admin\" \/>\n<meta name=\"twitter:card\" content=\"summary_large_image\" \/>\n<meta name=\"twitter:label1\" content=\"Escrito por\" \/>\n\t<meta name=\"twitter:data1\" content=\"admin\" \/>\n\t<meta name=\"twitter:label2\" content=\"Tiempo de lectura\" \/>\n\t<meta name=\"twitter:data2\" content=\"2 minutos\" \/>\n<script type=\"application\/ld+json\" class=\"yoast-schema-graph\">{\"@context\":\"https:\\\/\\\/schema.org\",\"@graph\":[{\"@type\":\"Article\",\"@id\":\"https:\\\/\\\/qronews.info\\\/?p=2200#article\",\"isPartOf\":{\"@id\":\"https:\\\/\\\/qronews.info\\\/?p=2200\"},\"author\":{\"name\":\"admin\",\"@id\":\"https:\\\/\\\/qronews.info\\\/#\\\/schema\\\/person\\\/a61b4145afe681f030552547c001d400\"},\"headline\":\"INVITA FPMC A LA INAUGURACI\u00d3N DE LA EXPOSICI\u00d3N FOTOGRAFICA \u00abUN MUNDO, SIETE MIRADAS\u00bb\",\"datePublished\":\"2026-08-17T14:41:26+00:00\",\"dateModified\":\"2026-09-01T14:42:04+00:00\",\"mainEntityOfPage\":{\"@id\":\"https:\\\/\\\/qronews.info\\\/?p=2200\"},\"wordCount\":374,\"commentCount\":0,\"image\":{\"@id\":\"https:\\\/\\\/qronews.info\\\/?p=2200#primaryimage\"},\"thumbnailUrl\":\"https:\\\/\\\/qronews.info\\\/wp-content\\\/uploads\\\/2026\\\/09\\\/IMG-20260817-WA0022.jpg\",\"articleSection\":[\"Cozumel\",\"M\u00e1s recientes\"],\"inLanguage\":\"es\",\"potentialAction\":[{\"@type\":\"CommentAction\",\"name\":\"Comment\",\"target\":[\"https:\\\/\\\/qronews.info\\\/?p=2200#respond\"]}]},{\"@type\":\"WebPage\",\"@id\":\"https:\\\/\\\/qronews.info\\\/?p=2200\",\"url\":\"https:\\\/\\\/qronews.info\\\/?p=2200\",\"name\":\"INVITA FPMC A LA INAUGURACI\u00d3N DE LA EXPOSICI\u00d3N FOTOGRAFICA \\\"UN MUNDO, SIETE MIRADAS\\\" - QRONEWS\",\"isPartOf\":{\"@id\":\"https:\\\/\\\/qronews.info\\\/#website\"},\"primaryImageOfPage\":{\"@id\":\"https:\\\/\\\/qronews.info\\\/?p=2200#primaryimage\"},\"image\":{\"@id\":\"https:\\\/\\\/qronews.info\\\/?p=2200#primaryimage\"},\"thumbnailUrl\":\"https:\\\/\\\/qronews.info\\\/wp-content\\\/uploads\\\/2026\\\/09\\\/IMG-20260817-WA0022.jpg\",\"datePublished\":\"2026-08-17T14:41:26+00:00\",\"dateModified\":\"2026-09-01T14:42:04+00:00\",\"author\":{\"@id\":\"https:\\\/\\\/qronews.info\\\/#\\\/schema\\\/person\\\/a61b4145afe681f030552547c001d400\"},\"breadcrumb\":{\"@id\":\"https:\\\/\\\/qronews.info\\\/?p=2200#breadcrumb\"},\"inLanguage\":\"es\",\"potentialAction\":[{\"@type\":\"ReadAction\",\"target\":[\"https:\\\/\\\/qronews.info\\\/?p=2200\"]}]},{\"@type\":\"ImageObject\",\"inLanguage\":\"es\",\"@id\":\"https:\\\/\\\/qronews.info\\\/?p=2200#primaryimage\",\"url\":\"https:\\\/\\\/qronews.info\\\/wp-content\\\/uploads\\\/2026\\\/09\\\/IMG-20260817-WA0022.jpg\",\"contentUrl\":\"https:\\\/\\\/qronews.info\\\/wp-content\\\/uploads\\\/2026\\\/09\\\/IMG-20260817-WA0022.jpg\",\"width\":723,\"height\":696},{\"@type\":\"BreadcrumbList\",\"@id\":\"https:\\\/\\\/qronews.info\\\/?p=2200#breadcrumb\",\"itemListElement\":[{\"@type\":\"ListItem\",\"position\":1,\"name\":\"Portada\",\"item\":\"https:\\\/\\\/qronews.info\\\/\"},{\"@type\":\"ListItem\",\"position\":2,\"name\":\"INVITA FPMC A LA INAUGURACI\u00d3N DE LA EXPOSICI\u00d3N FOTOGRAFICA \u00abUN MUNDO, SIETE MIRADAS\u00bb\"}]},{\"@type\":\"WebSite\",\"@id\":\"https:\\\/\\\/qronews.info\\\/#website\",\"url\":\"https:\\\/\\\/qronews.info\\\/\",\"name\":\"QRONEWS\",\"description\":\"La verdad en tiempo Real\",\"potentialAction\":[{\"@type\":\"SearchAction\",\"target\":{\"@type\":\"EntryPoint\",\"urlTemplate\":\"https:\\\/\\\/qronews.info\\\/?s={search_term_string}\"},\"query-input\":{\"@type\":\"PropertyValueSpecification\",\"valueRequired\":true,\"valueName\":\"search_term_string\"}}],\"inLanguage\":\"es\"},{\"@type\":\"Person\",\"@id\":\"https:\\\/\\\/qronews.info\\\/#\\\/schema\\\/person\\\/a61b4145afe681f030552547c001d400\",\"name\":\"admin\",\"image\":{\"@type\":\"ImageObject\",\"inLanguage\":\"es\",\"@id\":\"https:\\\/\\\/secure.gravatar.com\\\/avatar\\\/de29ac83f4f71d9b1b172632bab395e0035a81cb5f55c4d24e32c77bb89bb0c0?s=96&d=mm&r=g\",\"url\":\"https:\\\/\\\/secure.gravatar.com\\\/avatar\\\/de29ac83f4f71d9b1b172632bab395e0035a81cb5f55c4d24e32c77bb89bb0c0?s=96&d=mm&r=g\",\"contentUrl\":\"https:\\\/\\\/secure.gravatar.com\\\/avatar\\\/de29ac83f4f71d9b1b172632bab395e0035a81cb5f55c4d24e32c77bb89bb0c0?s=96&d=mm&r=g\",\"caption\":\"admin\"},\"url\":\"https:\\\/\\\/qronews.info\\\/?author=1\"}]}<\/script>\n<!-- \/ Yoast SEO plugin. -->","yoast_head_json":{"title":"INVITA FPMC A LA INAUGURACI\u00d3N DE LA EXPOSICI\u00d3N FOTOGRAFICA \"UN MUNDO, SIETE MIRADAS\" - QRONEWS","robots":{"index":"index","follow":"follow","max-snippet":"max-snippet:-1","max-image-preview":"max-image-preview:large","max-video-preview":"max-video-preview:-1"},"canonical":"https:\/\/qronews.info\/?p=2200","og_locale":"es_ES","og_type":"article","og_title":"INVITA FPMC A LA INAUGURACI\u00d3N DE LA EXPOSICI\u00d3N FOTOGRAFICA \"UN MUNDO, SIETE MIRADAS\" - QRONEWS","og_description":"El evento inaugural ser\u00e1 el viernes 21 de agosto a las 20:00 horas en el Museo de la Isla, con entrada libre Cozumel.- La Fundaci\u00f3n de Parques y Museos de Cozumel (FPMC) invita a la comunidad a la inauguraci\u00f3n de la exposici\u00f3n fotogr\u00e1fica \u201cUn Mundo, Siete Miradas\u201d, una muestra colectiva que re\u00fane el trabajo de [&hellip;]","og_url":"https:\/\/qronews.info\/?p=2200","og_site_name":"QRONEWS","article_published_time":"2026-08-17T14:41:26+00:00","article_modified_time":"2026-09-01T14:42:04+00:00","og_image":[{"width":723,"height":696,"url":"https:\/\/qronews.info\/wp-content\/uploads\/2026\/09\/IMG-20260817-WA0022.jpg","type":"image\/jpeg"}],"author":"admin","twitter_card":"summary_large_image","twitter_misc":{"Escrito por":"admin","Tiempo de lectura":"2 minutos"},"schema":{"@context":"https:\/\/schema.org","@graph":[{"@type":"Article","@id":"https:\/\/qronews.info\/?p=2200#article","isPartOf":{"@id":"https:\/\/qronews.info\/?p=2200"},"author":{"name":"admin","@id":"https:\/\/qronews.info\/#\/schema\/person\/a61b4145afe681f030552547c001d400"},"headline":"INVITA FPMC A LA INAUGURACI\u00d3N DE LA EXPOSICI\u00d3N FOTOGRAFICA \u00abUN MUNDO, SIETE MIRADAS\u00bb","datePublished":"2026-08-17T14:41:26+00:00","dateModified":"2026-09-01T14:42:04+00:00","mainEntityOfPage":{"@id":"https:\/\/qronews.info\/?p=2200"},"wordCount":374,"commentCount":0,"image":{"@id":"https:\/\/qronews.info\/?p=2200#primaryimage"},"thumbnailUrl":"https:\/\/qronews.info\/wp-content\/uploads\/2026\/09\/IMG-20260817-WA0022.jpg","articleSection":["Cozumel","M\u00e1s recientes"],"inLanguage":"es","potentialAction":[{"@type":"CommentAction","name":"Comment","target":["https:\/\/qronews.info\/?p=2200#respond"]}]},{"@type":"WebPage","@id":"https:\/\/qronews.info\/?p=2200","url":"https:\/\/qronews.info\/?p=2200","name":"INVITA FPMC A LA INAUGURACI\u00d3N DE LA EXPOSICI\u00d3N FOTOGRAFICA \"UN MUNDO, SIETE MIRADAS\" - QRONEWS","isPartOf":{"@id":"https:\/\/qronews.info\/#website"},"primaryImageOfPage":{"@id":"https:\/\/qronews.info\/?p=2200#primaryimage"},"image":{"@id":"https:\/\/qronews.info\/?p=2200#primaryimage"},"thumbnailUrl":"https:\/\/qronews.info\/wp-content\/uploads\/2026\/09\/IMG-20260817-WA0022.jpg","datePublished":"2026-08-17T14:41:26+00:00","dateModified":"2026-09-01T14:42:04+00:00","author":{"@id":"https:\/\/qronews.info\/#\/schema\/person\/a61b4145afe681f030552547c001d400"},"breadcrumb":{"@id":"https:\/\/qronews.info\/?p=2200#breadcrumb"},"inLanguage":"es","potentialAction":[{"@type":"ReadAction","target":["https:\/\/qronews.info\/?p=2200"]}]},{"@type":"ImageObject","inLanguage":"es","@id":"https:\/\/qronews.info\/?p=2200#primaryimage","url":"https:\/\/qronews.info\/wp-content\/uploads\/2026\/09\/IMG-20260817-WA0022.jpg","contentUrl":"https:\/\/qronews.info\/wp-content\/uploads\/2026\/09\/IMG-20260817-WA0022.jpg","width":723,"height":696},{"@type":"BreadcrumbList","@id":"https:\/\/qronews.info\/?p=2200#breadcrumb","itemListElement":[{"@type":"ListItem","position":1,"name":"Portada","item":"https:\/\/qronews.info\/"},{"@type":"ListItem","position":2,"name":"INVITA FPMC A LA INAUGURACI\u00d3N DE LA EXPOSICI\u00d3N FOTOGRAFICA \u00abUN MUNDO, SIETE MIRADAS\u00bb"}]},{"@type":"WebSite","@id":"https:\/\/qronews.info\/#website","url":"https:\/\/qronews.info\/","name":"QRONEWS","description":"La verdad en tiempo Real","potentialAction":[{"@type":"SearchAction","target":{"@type":"EntryPoint","urlTemplate":"https:\/\/qronews.info\/?s={search_term_string}"},"query-input":{"@type":"PropertyValueSpecification","valueRequired":true,"valueName":"search_term_string"}}],"inLanguage":"es"},{"@type":"Person","@id":"https:\/\/qronews.info\/#\/schema\/person\/a61b4145afe681f030552547c001d400","name":"admin","image":{"@type":"ImageObject","inLanguage":"es","@id":"https:\/\/secure.gravatar.com\/avatar\/de29ac83f4f71d9b1b172632bab395e0035a81cb5f55c4d24e32c77bb89bb0c0?s=96&d=mm&r=g","url":"https:\/\/secure.gravatar.com\/avatar\/de29ac83f4f71d9b1b172632bab395e0035a81cb5f55c4d24e32c77bb89bb0c0?s=96&d=mm&r=g","contentUrl":"https:\/\/secure.gravatar.com\/avatar\/de29ac83f4f71d9b1b172632bab395e0035a81cb5f55c4d24e32c77bb89bb0c0?s=96&d=mm&r=g","caption":"admin"},"url":"https:\/\/qronews.info\/?author=1"}]}},"jetpack_sharing_enabled":true,"jetpack_featured_media_url":"https:\/\/qronews.info\/wp-content\/uploads\/2026\/09\/IMG-20260817-WA0022.jpg","_links":{"self":[{"href":"https:\/\/qronews.info\/index.php?rest_route=\/wp\/v2\/posts\/2200","targetHints":{"allow":["GET"]}}],"collection":[{"href":"https:\/\/qronews.info\/index.php?rest_route=\/wp\/v2\/posts"}],"about":[{"href":"https:\/\/qronews.info\/index.php?rest_route=\/wp\/v2\/types\/post"}],"author":[{"embeddable":true,"href":"https:\/\/qronews.info\/index.php?rest_route=\/wp\/v2\/users\/1"}],"replies":[{"embeddable":true,"href":"https:\/\/qronews.info\/index.php?rest_route=%2Fwp%2Fv2%2Fcomments&post=2200"}],"version-history":[{"count":1,"href":"https:\/\/qronews.info\/index.php?rest_route=\/wp\/v2\/posts\/2200\/revisions"}],"predecessor-version":[{"id":2201,"href":"https:\/\/qronews.info\/index.php?rest_route=\/wp\/v2\/posts\/2200\/revisions\/2201"}],"wp:featuredmedia":[{"embeddable":true,"href":"https:\/\/qronews.info\/index.php?rest_route=\/wp\/v2\/media\/2199"}],"wp:attachment":[{"href":"https:\/\/qronews.info\/index.php?rest_route=%2Fwp%2Fv2%2Fmedia&parent=2200"}],"wp:term":[{"taxonomy":"category","embeddable":true,"href":"https:\/\/qronews.info\/index.php?rest_route=%2Fwp%2Fv2%2Fcategories&post=2200"},{"taxonomy":"post_tag","embeddable":true,"href":"https:\/\/qronews.info\/index.php?rest_route=%2Fwp%2Fv2%2Ftags&post=2200"}],"curies":[{"name":"wp","href":"https:\/\/api.w.org\/{rel}","templated":true}]}}