{"id":1881,"date":"2026-04-28T11:06:08","date_gmt":"2026-04-28T16:06:08","guid":{"rendered":"https:\/\/qronews.info\/?p=1881"},"modified":"2026-04-29T11:08:14","modified_gmt":"2026-04-29T16:08:14","slug":"gobierno-municipal-participa-en-macro-activacion-fisica-por-el-dia-de-la-nina-y-el-nino","status":"publish","type":"post","link":"https:\/\/qronews.info\/?p=1881","title":{"rendered":"Gobierno municipal participa en macro activaci\u00f3n f\u00edsica por el d\u00eda de la ni\u00f1a y el ni\u00f1o"},"content":{"rendered":"\n<p>En el marco de la estrategia nacional \u201cVive saludable, vive feliz\u201d, el Gobierno Municipal a trav\u00e9s de la Direcci\u00f3n de Educaci\u00f3n, particip\u00f3 en la macro activaci\u00f3n f\u00edsica \u201cConvive, Juega y Mu\u00e9vete\u201d para celebrar el D\u00eda de la Ni\u00f1a y el Ni\u00f1o y, al mismo tiempo, promover acciones positivas orientadas a una vida saludable entre la infancia cozumele\u00f1a.<br><br>El evento, organizado por la Supervisi\u00f3n de Educaci\u00f3n Preescolar de la Zona Escolar 033, se llev\u00f3 a cabo en la cancha de f\u00fatbol soccer de la Unidad Deportiva Bicentenario, donde se dieron cita alrededor de 500 ni\u00f1as y ni\u00f1os acompa\u00f1ados de madres, padres de familia y docentes, quienes participaron en din\u00e1micas recreativas y de activaci\u00f3n f\u00edsica enfocadas al bienestar integral.<br><br>En representaci\u00f3n del presidente municipal, Jos\u00e9 Luis Chac\u00f3n M\u00e9ndez, asisti\u00f3 el director de Educaci\u00f3n, Saturnino Maga\u00f1a Valle, quien destac\u00f3 que esta actividad se realiza en pro de las ni\u00f1as y los ni\u00f1os del municipio, fortaleciendo su desarrollo f\u00edsico, emocional y social mediante espacios de convivencia sana y recreativa.<br><br>Se\u00f1al\u00f3 que el D\u00eda de la Ni\u00f1a y el Ni\u00f1o es una fecha que invita a reconocer los derechos, la dignidad y el valor de la infancia, adem\u00e1s de recordar la importancia de promover una vida saludable, el juego, la convivencia y el desarrollo integral. A\u00f1adi\u00f3 que esta activaci\u00f3n f\u00edsica busca fomentar h\u00e1bitos saludables a trav\u00e9s del movimiento, la alegr\u00eda y la participaci\u00f3n colectiva.<br><br>Participaron estudiantes de los jardines de ni\u00f1os Militza P\u00e9rez L\u00f3pez, Edna S\u00e1nchez, Mundo de los Ni\u00f1os, Kiu Yool Paal, Eva S\u00e1mano de L\u00f3pez Mateos, Angelitos, El Cielo, Crist\u00f3bal Col\u00f3n, Mariano Azuela, El Cedral, Colegio Julia Ambros, Kids Park y CendiCoz, quienes disfrutaron de una jornada din\u00e1mica enfocada en el ejercicio y la convivencia.<br><br>La estrategia nacional \u201cVive saludable, vive feliz\u201d es impulsada por el Gobierno de M\u00e9xico y tiene como prop\u00f3sito contribuir a garantizar el bienestar y la salud de las ni\u00f1as y los ni\u00f1os de las escuelas del pa\u00eds mediante acciones orientadas a la promoci\u00f3n de h\u00e1bitos saludables.<br><br>En la inauguraci\u00f3n de esta actividad tambi\u00e9n estuvieron presentes Tania Fern\u00e1ndez Dom\u00ednguez, supervisora de la Zona Preescolar 033 y anfitriona del evento; la s\u00edndico municipal, Daniela Ayala Blanco; Diego Mart\u00edn, en representaci\u00f3n de la SEQ en Cozumel y el director de Deportes, Erick Canul Be, quienes se sumaron a esta jornada dedicada a la ni\u00f1ez cozumele\u00f1a.<\/p>\n","protected":false},"excerpt":{"rendered":"<p>En el marco de la estrategia nacional \u201cVive saludable, vive feliz\u201d, el Gobierno Municipal a trav\u00e9s de la Direcci\u00f3n de Educaci\u00f3n, particip\u00f3 en la macro activaci\u00f3n f\u00edsica \u201cConvive, Juega y Mu\u00e9vete\u201d para celebrar el D\u00eda de la Ni\u00f1a y el Ni\u00f1o y, al mismo tiempo, promover acciones positivas orientadas a una vida saludable entre la [&hellip;]<\/p>\n","protected":false},"author":1,"featured_media":1880,"comment_status":"open","ping_status":"open","sticky":false,"template":"","format":"standard","meta":{"_jetpack_memberships_contains_paid_content":false,"footnotes":""},"categories":[8,6],"tags":[],"class_list":["post-1881","post","type-post","status-publish","format-standard","has-post-thumbnail","hentry","category-cozumel","category-generales"],"yoast_head":"<!-- This site is optimized with the Yoast SEO plugin v27.5 - https:\/\/yoast.com\/product\/yoast-seo-wordpress\/ -->\n<title>Gobierno municipal participa en macro activaci\u00f3n f\u00edsica por el d\u00eda de la ni\u00f1a y el ni\u00f1o - QRONEWS<\/title>\n<meta name=\"robots\" content=\"index, follow, max-snippet:-1, max-image-preview:large, max-video-preview:-1\" \/>\n<link rel=\"canonical\" href=\"https:\/\/qronews.info\/?p=1881\" \/>\n<meta property=\"og:locale\" content=\"es_ES\" \/>\n<meta property=\"og:type\" content=\"article\" \/>\n<meta property=\"og:title\" content=\"Gobierno municipal participa en macro activaci\u00f3n f\u00edsica por el d\u00eda de la ni\u00f1a y el ni\u00f1o - QRONEWS\" \/>\n<meta property=\"og:description\" content=\"En el marco de la estrategia nacional \u201cVive saludable, vive feliz\u201d, el Gobierno Municipal a trav\u00e9s de la Direcci\u00f3n de Educaci\u00f3n, particip\u00f3 en la macro activaci\u00f3n f\u00edsica \u201cConvive, Juega y Mu\u00e9vete\u201d para celebrar el D\u00eda de la Ni\u00f1a y el Ni\u00f1o y, al mismo tiempo, promover acciones positivas orientadas a una vida saludable entre la [&hellip;]\" \/>\n<meta property=\"og:url\" content=\"https:\/\/qronews.info\/?p=1881\" \/>\n<meta property=\"og:site_name\" content=\"QRONEWS\" \/>\n<meta property=\"article:published_time\" content=\"2026-04-28T16:06:08+00:00\" \/>\n<meta property=\"article:modified_time\" content=\"2026-04-29T16:08:14+00:00\" \/>\n<meta property=\"og:image\" content=\"https:\/\/qronews.info\/wp-content\/uploads\/2026\/04\/img-20260428-wa00022540690748681659403.jpg\" \/>\n\t<meta property=\"og:image:width\" content=\"2000\" \/>\n\t<meta property=\"og:image:height\" content=\"1334\" \/>\n\t<meta property=\"og:image:type\" content=\"image\/jpeg\" \/>\n<meta name=\"author\" content=\"admin\" \/>\n<meta name=\"twitter:card\" content=\"summary_large_image\" \/>\n<meta name=\"twitter:label1\" content=\"Escrito por\" \/>\n\t<meta name=\"twitter:data1\" content=\"admin\" \/>\n\t<meta name=\"twitter:label2\" content=\"Tiempo de lectura\" \/>\n\t<meta name=\"twitter:data2\" content=\"2 minutos\" \/>\n<script type=\"application\/ld+json\" class=\"yoast-schema-graph\">{\"@context\":\"https:\\\/\\\/schema.org\",\"@graph\":[{\"@type\":\"Article\",\"@id\":\"https:\\\/\\\/qronews.info\\\/?p=1881#article\",\"isPartOf\":{\"@id\":\"https:\\\/\\\/qronews.info\\\/?p=1881\"},\"author\":{\"name\":\"admin\",\"@id\":\"https:\\\/\\\/qronews.info\\\/#\\\/schema\\\/person\\\/a61b4145afe681f030552547c001d400\"},\"headline\":\"Gobierno municipal participa en macro activaci\u00f3n f\u00edsica por el d\u00eda de la ni\u00f1a y el ni\u00f1o\",\"datePublished\":\"2026-04-28T16:06:08+00:00\",\"dateModified\":\"2026-04-29T16:08:14+00:00\",\"mainEntityOfPage\":{\"@id\":\"https:\\\/\\\/qronews.info\\\/?p=1881\"},\"wordCount\":467,\"commentCount\":0,\"image\":{\"@id\":\"https:\\\/\\\/qronews.info\\\/?p=1881#primaryimage\"},\"thumbnailUrl\":\"https:\\\/\\\/qronews.info\\\/wp-content\\\/uploads\\\/2026\\\/04\\\/img-20260428-wa00022540690748681659403.jpg\",\"articleSection\":[\"Cozumel\",\"Generales\"],\"inLanguage\":\"es\",\"potentialAction\":[{\"@type\":\"CommentAction\",\"name\":\"Comment\",\"target\":[\"https:\\\/\\\/qronews.info\\\/?p=1881#respond\"]}]},{\"@type\":\"WebPage\",\"@id\":\"https:\\\/\\\/qronews.info\\\/?p=1881\",\"url\":\"https:\\\/\\\/qronews.info\\\/?p=1881\",\"name\":\"Gobierno municipal participa en macro activaci\u00f3n f\u00edsica por el d\u00eda de la ni\u00f1a y el ni\u00f1o - QRONEWS\",\"isPartOf\":{\"@id\":\"https:\\\/\\\/qronews.info\\\/#website\"},\"primaryImageOfPage\":{\"@id\":\"https:\\\/\\\/qronews.info\\\/?p=1881#primaryimage\"},\"image\":{\"@id\":\"https:\\\/\\\/qronews.info\\\/?p=1881#primaryimage\"},\"thumbnailUrl\":\"https:\\\/\\\/qronews.info\\\/wp-content\\\/uploads\\\/2026\\\/04\\\/img-20260428-wa00022540690748681659403.jpg\",\"datePublished\":\"2026-04-28T16:06:08+00:00\",\"dateModified\":\"2026-04-29T16:08:14+00:00\",\"author\":{\"@id\":\"https:\\\/\\\/qronews.info\\\/#\\\/schema\\\/person\\\/a61b4145afe681f030552547c001d400\"},\"breadcrumb\":{\"@id\":\"https:\\\/\\\/qronews.info\\\/?p=1881#breadcrumb\"},\"inLanguage\":\"es\",\"potentialAction\":[{\"@type\":\"ReadAction\",\"target\":[\"https:\\\/\\\/qronews.info\\\/?p=1881\"]}]},{\"@type\":\"ImageObject\",\"inLanguage\":\"es\",\"@id\":\"https:\\\/\\\/qronews.info\\\/?p=1881#primaryimage\",\"url\":\"https:\\\/\\\/qronews.info\\\/wp-content\\\/uploads\\\/2026\\\/04\\\/img-20260428-wa00022540690748681659403.jpg\",\"contentUrl\":\"https:\\\/\\\/qronews.info\\\/wp-content\\\/uploads\\\/2026\\\/04\\\/img-20260428-wa00022540690748681659403.jpg\",\"width\":2000,\"height\":1334},{\"@type\":\"BreadcrumbList\",\"@id\":\"https:\\\/\\\/qronews.info\\\/?p=1881#breadcrumb\",\"itemListElement\":[{\"@type\":\"ListItem\",\"position\":1,\"name\":\"Portada\",\"item\":\"https:\\\/\\\/qronews.info\\\/\"},{\"@type\":\"ListItem\",\"position\":2,\"name\":\"Gobierno municipal participa en macro activaci\u00f3n f\u00edsica por el d\u00eda de la ni\u00f1a y el ni\u00f1o\"}]},{\"@type\":\"WebSite\",\"@id\":\"https:\\\/\\\/qronews.info\\\/#website\",\"url\":\"https:\\\/\\\/qronews.info\\\/\",\"name\":\"QRONEWS\",\"description\":\"La verdad en tiempo Real\",\"potentialAction\":[{\"@type\":\"SearchAction\",\"target\":{\"@type\":\"EntryPoint\",\"urlTemplate\":\"https:\\\/\\\/qronews.info\\\/?s={search_term_string}\"},\"query-input\":{\"@type\":\"PropertyValueSpecification\",\"valueRequired\":true,\"valueName\":\"search_term_string\"}}],\"inLanguage\":\"es\"},{\"@type\":\"Person\",\"@id\":\"https:\\\/\\\/qronews.info\\\/#\\\/schema\\\/person\\\/a61b4145afe681f030552547c001d400\",\"name\":\"admin\",\"image\":{\"@type\":\"ImageObject\",\"inLanguage\":\"es\",\"@id\":\"https:\\\/\\\/secure.gravatar.com\\\/avatar\\\/837353d0f04f6f7f1406ad605da7e87b22b3ae7d7179afd6e6d41ab847ba265f?s=96&d=mm&r=g\",\"url\":\"https:\\\/\\\/secure.gravatar.com\\\/avatar\\\/837353d0f04f6f7f1406ad605da7e87b22b3ae7d7179afd6e6d41ab847ba265f?s=96&d=mm&r=g\",\"contentUrl\":\"https:\\\/\\\/secure.gravatar.com\\\/avatar\\\/837353d0f04f6f7f1406ad605da7e87b22b3ae7d7179afd6e6d41ab847ba265f?s=96&d=mm&r=g\",\"caption\":\"admin\"},\"url\":\"https:\\\/\\\/qronews.info\\\/?author=1\"}]}<\/script>\n<!-- \/ Yoast SEO plugin. -->","yoast_head_json":{"title":"Gobierno municipal participa en macro activaci\u00f3n f\u00edsica por el d\u00eda de la ni\u00f1a y el ni\u00f1o - QRONEWS","robots":{"index":"index","follow":"follow","max-snippet":"max-snippet:-1","max-image-preview":"max-image-preview:large","max-video-preview":"max-video-preview:-1"},"canonical":"https:\/\/qronews.info\/?p=1881","og_locale":"es_ES","og_type":"article","og_title":"Gobierno municipal participa en macro activaci\u00f3n f\u00edsica por el d\u00eda de la ni\u00f1a y el ni\u00f1o - QRONEWS","og_description":"En el marco de la estrategia nacional \u201cVive saludable, vive feliz\u201d, el Gobierno Municipal a trav\u00e9s de la Direcci\u00f3n de Educaci\u00f3n, particip\u00f3 en la macro activaci\u00f3n f\u00edsica \u201cConvive, Juega y Mu\u00e9vete\u201d para celebrar el D\u00eda de la Ni\u00f1a y el Ni\u00f1o y, al mismo tiempo, promover acciones positivas orientadas a una vida saludable entre la [&hellip;]","og_url":"https:\/\/qronews.info\/?p=1881","og_site_name":"QRONEWS","article_published_time":"2026-04-28T16:06:08+00:00","article_modified_time":"2026-04-29T16:08:14+00:00","og_image":[{"width":2000,"height":1334,"url":"https:\/\/qronews.info\/wp-content\/uploads\/2026\/04\/img-20260428-wa00022540690748681659403.jpg","type":"image\/jpeg"}],"author":"admin","twitter_card":"summary_large_image","twitter_misc":{"Escrito por":"admin","Tiempo de lectura":"2 minutos"},"schema":{"@context":"https:\/\/schema.org","@graph":[{"@type":"Article","@id":"https:\/\/qronews.info\/?p=1881#article","isPartOf":{"@id":"https:\/\/qronews.info\/?p=1881"},"author":{"name":"admin","@id":"https:\/\/qronews.info\/#\/schema\/person\/a61b4145afe681f030552547c001d400"},"headline":"Gobierno municipal participa en macro activaci\u00f3n f\u00edsica por el d\u00eda de la ni\u00f1a y el ni\u00f1o","datePublished":"2026-04-28T16:06:08+00:00","dateModified":"2026-04-29T16:08:14+00:00","mainEntityOfPage":{"@id":"https:\/\/qronews.info\/?p=1881"},"wordCount":467,"commentCount":0,"image":{"@id":"https:\/\/qronews.info\/?p=1881#primaryimage"},"thumbnailUrl":"https:\/\/qronews.info\/wp-content\/uploads\/2026\/04\/img-20260428-wa00022540690748681659403.jpg","articleSection":["Cozumel","Generales"],"inLanguage":"es","potentialAction":[{"@type":"CommentAction","name":"Comment","target":["https:\/\/qronews.info\/?p=1881#respond"]}]},{"@type":"WebPage","@id":"https:\/\/qronews.info\/?p=1881","url":"https:\/\/qronews.info\/?p=1881","name":"Gobierno municipal participa en macro activaci\u00f3n f\u00edsica por el d\u00eda de la ni\u00f1a y el ni\u00f1o - QRONEWS","isPartOf":{"@id":"https:\/\/qronews.info\/#website"},"primaryImageOfPage":{"@id":"https:\/\/qronews.info\/?p=1881#primaryimage"},"image":{"@id":"https:\/\/qronews.info\/?p=1881#primaryimage"},"thumbnailUrl":"https:\/\/qronews.info\/wp-content\/uploads\/2026\/04\/img-20260428-wa00022540690748681659403.jpg","datePublished":"2026-04-28T16:06:08+00:00","dateModified":"2026-04-29T16:08:14+00:00","author":{"@id":"https:\/\/qronews.info\/#\/schema\/person\/a61b4145afe681f030552547c001d400"},"breadcrumb":{"@id":"https:\/\/qronews.info\/?p=1881#breadcrumb"},"inLanguage":"es","potentialAction":[{"@type":"ReadAction","target":["https:\/\/qronews.info\/?p=1881"]}]},{"@type":"ImageObject","inLanguage":"es","@id":"https:\/\/qronews.info\/?p=1881#primaryimage","url":"https:\/\/qronews.info\/wp-content\/uploads\/2026\/04\/img-20260428-wa00022540690748681659403.jpg","contentUrl":"https:\/\/qronews.info\/wp-content\/uploads\/2026\/04\/img-20260428-wa00022540690748681659403.jpg","width":2000,"height":1334},{"@type":"BreadcrumbList","@id":"https:\/\/qronews.info\/?p=1881#breadcrumb","itemListElement":[{"@type":"ListItem","position":1,"name":"Portada","item":"https:\/\/qronews.info\/"},{"@type":"ListItem","position":2,"name":"Gobierno municipal participa en macro activaci\u00f3n f\u00edsica por el d\u00eda de la ni\u00f1a y el ni\u00f1o"}]},{"@type":"WebSite","@id":"https:\/\/qronews.info\/#website","url":"https:\/\/qronews.info\/","name":"QRONEWS","description":"La verdad en tiempo Real","potentialAction":[{"@type":"SearchAction","target":{"@type":"EntryPoint","urlTemplate":"https:\/\/qronews.info\/?s={search_term_string}"},"query-input":{"@type":"PropertyValueSpecification","valueRequired":true,"valueName":"search_term_string"}}],"inLanguage":"es"},{"@type":"Person","@id":"https:\/\/qronews.info\/#\/schema\/person\/a61b4145afe681f030552547c001d400","name":"admin","image":{"@type":"ImageObject","inLanguage":"es","@id":"https:\/\/secure.gravatar.com\/avatar\/837353d0f04f6f7f1406ad605da7e87b22b3ae7d7179afd6e6d41ab847ba265f?s=96&d=mm&r=g","url":"https:\/\/secure.gravatar.com\/avatar\/837353d0f04f6f7f1406ad605da7e87b22b3ae7d7179afd6e6d41ab847ba265f?s=96&d=mm&r=g","contentUrl":"https:\/\/secure.gravatar.com\/avatar\/837353d0f04f6f7f1406ad605da7e87b22b3ae7d7179afd6e6d41ab847ba265f?s=96&d=mm&r=g","caption":"admin"},"url":"https:\/\/qronews.info\/?author=1"}]}},"jetpack_featured_media_url":"https:\/\/qronews.info\/wp-content\/uploads\/2026\/04\/img-20260428-wa00022540690748681659403.jpg","jetpack_sharing_enabled":true,"_links":{"self":[{"href":"https:\/\/qronews.info\/index.php?rest_route=\/wp\/v2\/posts\/1881","targetHints":{"allow":["GET"]}}],"collection":[{"href":"https:\/\/qronews.info\/index.php?rest_route=\/wp\/v2\/posts"}],"about":[{"href":"https:\/\/qronews.info\/index.php?rest_route=\/wp\/v2\/types\/post"}],"author":[{"embeddable":true,"href":"https:\/\/qronews.info\/index.php?rest_route=\/wp\/v2\/users\/1"}],"replies":[{"embeddable":true,"href":"https:\/\/qronews.info\/index.php?rest_route=%2Fwp%2Fv2%2Fcomments&post=1881"}],"version-history":[{"count":2,"href":"https:\/\/qronews.info\/index.php?rest_route=\/wp\/v2\/posts\/1881\/revisions"}],"predecessor-version":[{"id":1883,"href":"https:\/\/qronews.info\/index.php?rest_route=\/wp\/v2\/posts\/1881\/revisions\/1883"}],"wp:featuredmedia":[{"embeddable":true,"href":"https:\/\/qronews.info\/index.php?rest_route=\/wp\/v2\/media\/1880"}],"wp:attachment":[{"href":"https:\/\/qronews.info\/index.php?rest_route=%2Fwp%2Fv2%2Fmedia&parent=1881"}],"wp:term":[{"taxonomy":"category","embeddable":true,"href":"https:\/\/qronews.info\/index.php?rest_route=%2Fwp%2Fv2%2Fcategories&post=1881"},{"taxonomy":"post_tag","embeddable":true,"href":"https:\/\/qronews.info\/index.php?rest_route=%2Fwp%2Fv2%2Ftags&post=1881"}],"curies":[{"name":"wp","href":"https:\/\/api.w.org\/{rel}","templated":true}]}}