{"id":1866,"date":"2026-04-22T10:48:04","date_gmt":"2026-04-22T15:48:04","guid":{"rendered":"https:\/\/qronews.info\/?p=1866"},"modified":"2026-04-29T10:49:26","modified_gmt":"2026-04-29T15:49:26","slug":"cozumel-conmemoran-el-cxii-aniversario-de-la-gesta-heroica-del-puerto-de-veracruz-con-ceremonia-civico-militar","status":"publish","type":"post","link":"https:\/\/qronews.info\/?p=1866","title":{"rendered":"Cozumel conmemoran el CXII Aniversario de la Gesta Heroica del Puerto de Veracruz con ceremonia c\u00edvico-militar"},"content":{"rendered":"\n<p>El presidente municipal, Jos\u00e9 Luis Chac\u00f3n M\u00e9ndez, asisti\u00f3 como invitado de honor a la ceremonia conmemorativa del CXII Aniversario de la Gesta Heroica del Puerto de Veracruz del 21 de abril de 1914, realizada por el Sector Naval en la explanada de la bandera, donde autoridades civiles y militares rindieron homenaje a los marinos que defendieron la soberan\u00eda nacional.<br><br>Como parte del programa, se llev\u00f3 a cabo la rese\u00f1a hist\u00f3rica a cargo del capit\u00e1n de nav\u00edo del Sector Naval, Pedro Mata Cervantes, quien record\u00f3 que 128 hombres del mar pertenecientes a la Escuela Naval Militar defendieron a M\u00e9xico durante los hechos hist\u00f3ricos del 21 de abril de 1914, destacando su valor, disciplina y amor a la patria.<br><br>Durante la ceremonia, la ni\u00f1a Natalia Guti\u00e9rrez Sixtos, hija de un elemento naval, realiz\u00f3 la declamaci\u00f3n de la poes\u00eda \u201c21 de abril\u201d, mientras que \u00d3scar Antonio Gonz\u00e1lez Huerta efectu\u00f3 el pase de lista de honor de los h\u00e9roes de la Heroica Escuela Naval y del Heroico Colegio Militar, a quienes en su memoria se dispar\u00f3 una bala de salva de fusiler\u00eda.<br><br>Posteriormente, las autoridades se trasladaron al obelisco para depositar una ofrenda floral y montar la tradicional guardia de honor.<br><br>Como parte del protocolo, se realiz\u00f3 el desfile de la columna de honores sobre la avenida Rafael E. Melgar, con la participaci\u00f3n del estandarte de la Secretar\u00eda de Marina, banda de guerra del Sector Naval, escolta de la zona a\u00e9rea militar, secci\u00f3n de gu\u00edas del Sector Naval, guarnici\u00f3n y zona naval, binomios caninos, secci\u00f3n de Infanter\u00eda de Marina, oficiales, clases y mariner\u00eda del Sector Naval, as\u00ed como la Guardia Nacional, guarnici\u00f3n y base a\u00e9rea.<br><br>Tambi\u00e9n participaron embarcaciones mar\u00edtimas, entre ellas una Defender, dos motos acu\u00e1ticas y dos patrullas interceptoras, que formaron parte del despliegue conmemorativo.<br><br>En la ceremonia estuvieron presentes el contralmirante, Armando Toscano Ya\u00f1ez, comandante de la Guarnici\u00f3n Militar; en representaci\u00f3n de la presidenta municipal de Playa del Carmen, el director de Asuntos Internos de la Secretar\u00eda de Seguridad Ciudadana, Rodolfo L\u00f3pez Zapata; el general de grupo piloto aviador diplomado del estado Mayor, Rom\u00e1n Eduardo Aljuria Benavidez, comandante de la 18va. Zona a\u00e9rea militar; Capit\u00e1n de nav\u00edo infanter\u00eda de Marina paracaidista, Gerardo Estrada Hern\u00e1ndez, comandante del batall\u00f3n de infanter\u00eda No. 552; Alfredo Rodr\u00edguez Fritz, representante de Pilotos de Puerto y el capit\u00e1n de nav\u00edo, Adr\u00edan Valdovinos V\u00e1zquez, comandante de la Unidad naval de Protecci\u00f3n portuaria.<\/p>\n","protected":false},"excerpt":{"rendered":"<p>El presidente municipal, Jos\u00e9 Luis Chac\u00f3n M\u00e9ndez, asisti\u00f3 como invitado de honor a la ceremonia conmemorativa del CXII Aniversario de la Gesta Heroica del Puerto de Veracruz del 21 de abril de 1914, realizada por el Sector Naval en la explanada de la bandera, donde autoridades civiles y militares rindieron homenaje a los marinos que [&hellip;]<\/p>\n","protected":false},"author":1,"featured_media":1865,"comment_status":"open","ping_status":"open","sticky":false,"template":"","format":"standard","meta":{"_jetpack_memberships_contains_paid_content":false,"footnotes":""},"categories":[8,5],"tags":[],"class_list":["post-1866","post","type-post","status-publish","format-standard","has-post-thumbnail","hentry","category-cozumel","category-mas-recientes"],"yoast_head":"<!-- This site is optimized with the Yoast SEO plugin v27.5 - https:\/\/yoast.com\/product\/yoast-seo-wordpress\/ -->\n<title>Cozumel conmemoran el CXII Aniversario de la Gesta Heroica del Puerto de Veracruz con ceremonia c\u00edvico-militar - QRONEWS<\/title>\n<meta name=\"robots\" content=\"index, follow, max-snippet:-1, max-image-preview:large, max-video-preview:-1\" \/>\n<link rel=\"canonical\" href=\"https:\/\/qronews.info\/?p=1866\" \/>\n<meta property=\"og:locale\" content=\"es_ES\" \/>\n<meta property=\"og:type\" content=\"article\" \/>\n<meta property=\"og:title\" content=\"Cozumel conmemoran el CXII Aniversario de la Gesta Heroica del Puerto de Veracruz con ceremonia c\u00edvico-militar - QRONEWS\" \/>\n<meta property=\"og:description\" content=\"El presidente municipal, Jos\u00e9 Luis Chac\u00f3n M\u00e9ndez, asisti\u00f3 como invitado de honor a la ceremonia conmemorativa del CXII Aniversario de la Gesta Heroica del Puerto de Veracruz del 21 de abril de 1914, realizada por el Sector Naval en la explanada de la bandera, donde autoridades civiles y militares rindieron homenaje a los marinos que [&hellip;]\" \/>\n<meta property=\"og:url\" content=\"https:\/\/qronews.info\/?p=1866\" \/>\n<meta property=\"og:site_name\" content=\"QRONEWS\" \/>\n<meta property=\"article:published_time\" content=\"2026-04-22T15:48:04+00:00\" \/>\n<meta property=\"article:modified_time\" content=\"2026-04-29T15:49:26+00:00\" \/>\n<meta property=\"og:image\" content=\"https:\/\/qronews.info\/wp-content\/uploads\/2026\/04\/IMG-20260429-WA0001.jpg\" \/>\n\t<meta property=\"og:image:width\" content=\"1280\" \/>\n\t<meta property=\"og:image:height\" content=\"854\" \/>\n\t<meta property=\"og:image:type\" content=\"image\/jpeg\" \/>\n<meta name=\"author\" content=\"admin\" \/>\n<meta name=\"twitter:card\" content=\"summary_large_image\" \/>\n<meta name=\"twitter:label1\" content=\"Escrito por\" \/>\n\t<meta name=\"twitter:data1\" content=\"admin\" \/>\n\t<meta name=\"twitter:label2\" content=\"Tiempo de lectura\" \/>\n\t<meta name=\"twitter:data2\" content=\"2 minutos\" \/>\n<script type=\"application\/ld+json\" class=\"yoast-schema-graph\">{\"@context\":\"https:\\\/\\\/schema.org\",\"@graph\":[{\"@type\":\"Article\",\"@id\":\"https:\\\/\\\/qronews.info\\\/?p=1866#article\",\"isPartOf\":{\"@id\":\"https:\\\/\\\/qronews.info\\\/?p=1866\"},\"author\":{\"name\":\"admin\",\"@id\":\"https:\\\/\\\/qronews.info\\\/#\\\/schema\\\/person\\\/a61b4145afe681f030552547c001d400\"},\"headline\":\"Cozumel conmemoran el CXII Aniversario de la Gesta Heroica del Puerto de Veracruz con ceremonia c\u00edvico-militar\",\"datePublished\":\"2026-04-22T15:48:04+00:00\",\"dateModified\":\"2026-04-29T15:49:26+00:00\",\"mainEntityOfPage\":{\"@id\":\"https:\\\/\\\/qronews.info\\\/?p=1866\"},\"wordCount\":452,\"commentCount\":0,\"image\":{\"@id\":\"https:\\\/\\\/qronews.info\\\/?p=1866#primaryimage\"},\"thumbnailUrl\":\"https:\\\/\\\/qronews.info\\\/wp-content\\\/uploads\\\/2026\\\/04\\\/IMG-20260429-WA0001.jpg\",\"articleSection\":[\"Cozumel\",\"M\u00e1s recientes\"],\"inLanguage\":\"es\",\"potentialAction\":[{\"@type\":\"CommentAction\",\"name\":\"Comment\",\"target\":[\"https:\\\/\\\/qronews.info\\\/?p=1866#respond\"]}]},{\"@type\":\"WebPage\",\"@id\":\"https:\\\/\\\/qronews.info\\\/?p=1866\",\"url\":\"https:\\\/\\\/qronews.info\\\/?p=1866\",\"name\":\"Cozumel conmemoran el CXII Aniversario de la Gesta Heroica del Puerto de Veracruz con ceremonia c\u00edvico-militar - QRONEWS\",\"isPartOf\":{\"@id\":\"https:\\\/\\\/qronews.info\\\/#website\"},\"primaryImageOfPage\":{\"@id\":\"https:\\\/\\\/qronews.info\\\/?p=1866#primaryimage\"},\"image\":{\"@id\":\"https:\\\/\\\/qronews.info\\\/?p=1866#primaryimage\"},\"thumbnailUrl\":\"https:\\\/\\\/qronews.info\\\/wp-content\\\/uploads\\\/2026\\\/04\\\/IMG-20260429-WA0001.jpg\",\"datePublished\":\"2026-04-22T15:48:04+00:00\",\"dateModified\":\"2026-04-29T15:49:26+00:00\",\"author\":{\"@id\":\"https:\\\/\\\/qronews.info\\\/#\\\/schema\\\/person\\\/a61b4145afe681f030552547c001d400\"},\"breadcrumb\":{\"@id\":\"https:\\\/\\\/qronews.info\\\/?p=1866#breadcrumb\"},\"inLanguage\":\"es\",\"potentialAction\":[{\"@type\":\"ReadAction\",\"target\":[\"https:\\\/\\\/qronews.info\\\/?p=1866\"]}]},{\"@type\":\"ImageObject\",\"inLanguage\":\"es\",\"@id\":\"https:\\\/\\\/qronews.info\\\/?p=1866#primaryimage\",\"url\":\"https:\\\/\\\/qronews.info\\\/wp-content\\\/uploads\\\/2026\\\/04\\\/IMG-20260429-WA0001.jpg\",\"contentUrl\":\"https:\\\/\\\/qronews.info\\\/wp-content\\\/uploads\\\/2026\\\/04\\\/IMG-20260429-WA0001.jpg\",\"width\":1280,\"height\":854},{\"@type\":\"BreadcrumbList\",\"@id\":\"https:\\\/\\\/qronews.info\\\/?p=1866#breadcrumb\",\"itemListElement\":[{\"@type\":\"ListItem\",\"position\":1,\"name\":\"Portada\",\"item\":\"https:\\\/\\\/qronews.info\\\/\"},{\"@type\":\"ListItem\",\"position\":2,\"name\":\"Cozumel conmemoran el CXII Aniversario de la Gesta Heroica del Puerto de Veracruz con ceremonia c\u00edvico-militar\"}]},{\"@type\":\"WebSite\",\"@id\":\"https:\\\/\\\/qronews.info\\\/#website\",\"url\":\"https:\\\/\\\/qronews.info\\\/\",\"name\":\"QRONEWS\",\"description\":\"La verdad en tiempo Real\",\"potentialAction\":[{\"@type\":\"SearchAction\",\"target\":{\"@type\":\"EntryPoint\",\"urlTemplate\":\"https:\\\/\\\/qronews.info\\\/?s={search_term_string}\"},\"query-input\":{\"@type\":\"PropertyValueSpecification\",\"valueRequired\":true,\"valueName\":\"search_term_string\"}}],\"inLanguage\":\"es\"},{\"@type\":\"Person\",\"@id\":\"https:\\\/\\\/qronews.info\\\/#\\\/schema\\\/person\\\/a61b4145afe681f030552547c001d400\",\"name\":\"admin\",\"image\":{\"@type\":\"ImageObject\",\"inLanguage\":\"es\",\"@id\":\"https:\\\/\\\/secure.gravatar.com\\\/avatar\\\/837353d0f04f6f7f1406ad605da7e87b22b3ae7d7179afd6e6d41ab847ba265f?s=96&d=mm&r=g\",\"url\":\"https:\\\/\\\/secure.gravatar.com\\\/avatar\\\/837353d0f04f6f7f1406ad605da7e87b22b3ae7d7179afd6e6d41ab847ba265f?s=96&d=mm&r=g\",\"contentUrl\":\"https:\\\/\\\/secure.gravatar.com\\\/avatar\\\/837353d0f04f6f7f1406ad605da7e87b22b3ae7d7179afd6e6d41ab847ba265f?s=96&d=mm&r=g\",\"caption\":\"admin\"},\"url\":\"https:\\\/\\\/qronews.info\\\/?author=1\"}]}<\/script>\n<!-- \/ Yoast SEO plugin. -->","yoast_head_json":{"title":"Cozumel conmemoran el CXII Aniversario de la Gesta Heroica del Puerto de Veracruz con ceremonia c\u00edvico-militar - QRONEWS","robots":{"index":"index","follow":"follow","max-snippet":"max-snippet:-1","max-image-preview":"max-image-preview:large","max-video-preview":"max-video-preview:-1"},"canonical":"https:\/\/qronews.info\/?p=1866","og_locale":"es_ES","og_type":"article","og_title":"Cozumel conmemoran el CXII Aniversario de la Gesta Heroica del Puerto de Veracruz con ceremonia c\u00edvico-militar - QRONEWS","og_description":"El presidente municipal, Jos\u00e9 Luis Chac\u00f3n M\u00e9ndez, asisti\u00f3 como invitado de honor a la ceremonia conmemorativa del CXII Aniversario de la Gesta Heroica del Puerto de Veracruz del 21 de abril de 1914, realizada por el Sector Naval en la explanada de la bandera, donde autoridades civiles y militares rindieron homenaje a los marinos que [&hellip;]","og_url":"https:\/\/qronews.info\/?p=1866","og_site_name":"QRONEWS","article_published_time":"2026-04-22T15:48:04+00:00","article_modified_time":"2026-04-29T15:49:26+00:00","og_image":[{"width":1280,"height":854,"url":"https:\/\/qronews.info\/wp-content\/uploads\/2026\/04\/IMG-20260429-WA0001.jpg","type":"image\/jpeg"}],"author":"admin","twitter_card":"summary_large_image","twitter_misc":{"Escrito por":"admin","Tiempo de lectura":"2 minutos"},"schema":{"@context":"https:\/\/schema.org","@graph":[{"@type":"Article","@id":"https:\/\/qronews.info\/?p=1866#article","isPartOf":{"@id":"https:\/\/qronews.info\/?p=1866"},"author":{"name":"admin","@id":"https:\/\/qronews.info\/#\/schema\/person\/a61b4145afe681f030552547c001d400"},"headline":"Cozumel conmemoran el CXII Aniversario de la Gesta Heroica del Puerto de Veracruz con ceremonia c\u00edvico-militar","datePublished":"2026-04-22T15:48:04+00:00","dateModified":"2026-04-29T15:49:26+00:00","mainEntityOfPage":{"@id":"https:\/\/qronews.info\/?p=1866"},"wordCount":452,"commentCount":0,"image":{"@id":"https:\/\/qronews.info\/?p=1866#primaryimage"},"thumbnailUrl":"https:\/\/qronews.info\/wp-content\/uploads\/2026\/04\/IMG-20260429-WA0001.jpg","articleSection":["Cozumel","M\u00e1s recientes"],"inLanguage":"es","potentialAction":[{"@type":"CommentAction","name":"Comment","target":["https:\/\/qronews.info\/?p=1866#respond"]}]},{"@type":"WebPage","@id":"https:\/\/qronews.info\/?p=1866","url":"https:\/\/qronews.info\/?p=1866","name":"Cozumel conmemoran el CXII Aniversario de la Gesta Heroica del Puerto de Veracruz con ceremonia c\u00edvico-militar - QRONEWS","isPartOf":{"@id":"https:\/\/qronews.info\/#website"},"primaryImageOfPage":{"@id":"https:\/\/qronews.info\/?p=1866#primaryimage"},"image":{"@id":"https:\/\/qronews.info\/?p=1866#primaryimage"},"thumbnailUrl":"https:\/\/qronews.info\/wp-content\/uploads\/2026\/04\/IMG-20260429-WA0001.jpg","datePublished":"2026-04-22T15:48:04+00:00","dateModified":"2026-04-29T15:49:26+00:00","author":{"@id":"https:\/\/qronews.info\/#\/schema\/person\/a61b4145afe681f030552547c001d400"},"breadcrumb":{"@id":"https:\/\/qronews.info\/?p=1866#breadcrumb"},"inLanguage":"es","potentialAction":[{"@type":"ReadAction","target":["https:\/\/qronews.info\/?p=1866"]}]},{"@type":"ImageObject","inLanguage":"es","@id":"https:\/\/qronews.info\/?p=1866#primaryimage","url":"https:\/\/qronews.info\/wp-content\/uploads\/2026\/04\/IMG-20260429-WA0001.jpg","contentUrl":"https:\/\/qronews.info\/wp-content\/uploads\/2026\/04\/IMG-20260429-WA0001.jpg","width":1280,"height":854},{"@type":"BreadcrumbList","@id":"https:\/\/qronews.info\/?p=1866#breadcrumb","itemListElement":[{"@type":"ListItem","position":1,"name":"Portada","item":"https:\/\/qronews.info\/"},{"@type":"ListItem","position":2,"name":"Cozumel conmemoran el CXII Aniversario de la Gesta Heroica del Puerto de Veracruz con ceremonia c\u00edvico-militar"}]},{"@type":"WebSite","@id":"https:\/\/qronews.info\/#website","url":"https:\/\/qronews.info\/","name":"QRONEWS","description":"La verdad en tiempo Real","potentialAction":[{"@type":"SearchAction","target":{"@type":"EntryPoint","urlTemplate":"https:\/\/qronews.info\/?s={search_term_string}"},"query-input":{"@type":"PropertyValueSpecification","valueRequired":true,"valueName":"search_term_string"}}],"inLanguage":"es"},{"@type":"Person","@id":"https:\/\/qronews.info\/#\/schema\/person\/a61b4145afe681f030552547c001d400","name":"admin","image":{"@type":"ImageObject","inLanguage":"es","@id":"https:\/\/secure.gravatar.com\/avatar\/837353d0f04f6f7f1406ad605da7e87b22b3ae7d7179afd6e6d41ab847ba265f?s=96&d=mm&r=g","url":"https:\/\/secure.gravatar.com\/avatar\/837353d0f04f6f7f1406ad605da7e87b22b3ae7d7179afd6e6d41ab847ba265f?s=96&d=mm&r=g","contentUrl":"https:\/\/secure.gravatar.com\/avatar\/837353d0f04f6f7f1406ad605da7e87b22b3ae7d7179afd6e6d41ab847ba265f?s=96&d=mm&r=g","caption":"admin"},"url":"https:\/\/qronews.info\/?author=1"}]}},"jetpack_featured_media_url":"https:\/\/qronews.info\/wp-content\/uploads\/2026\/04\/IMG-20260429-WA0001.jpg","jetpack_sharing_enabled":true,"_links":{"self":[{"href":"https:\/\/qronews.info\/index.php?rest_route=\/wp\/v2\/posts\/1866","targetHints":{"allow":["GET"]}}],"collection":[{"href":"https:\/\/qronews.info\/index.php?rest_route=\/wp\/v2\/posts"}],"about":[{"href":"https:\/\/qronews.info\/index.php?rest_route=\/wp\/v2\/types\/post"}],"author":[{"embeddable":true,"href":"https:\/\/qronews.info\/index.php?rest_route=\/wp\/v2\/users\/1"}],"replies":[{"embeddable":true,"href":"https:\/\/qronews.info\/index.php?rest_route=%2Fwp%2Fv2%2Fcomments&post=1866"}],"version-history":[{"count":1,"href":"https:\/\/qronews.info\/index.php?rest_route=\/wp\/v2\/posts\/1866\/revisions"}],"predecessor-version":[{"id":1867,"href":"https:\/\/qronews.info\/index.php?rest_route=\/wp\/v2\/posts\/1866\/revisions\/1867"}],"wp:featuredmedia":[{"embeddable":true,"href":"https:\/\/qronews.info\/index.php?rest_route=\/wp\/v2\/media\/1865"}],"wp:attachment":[{"href":"https:\/\/qronews.info\/index.php?rest_route=%2Fwp%2Fv2%2Fmedia&parent=1866"}],"wp:term":[{"taxonomy":"category","embeddable":true,"href":"https:\/\/qronews.info\/index.php?rest_route=%2Fwp%2Fv2%2Fcategories&post=1866"},{"taxonomy":"post_tag","embeddable":true,"href":"https:\/\/qronews.info\/index.php?rest_route=%2Fwp%2Fv2%2Ftags&post=1866"}],"curies":[{"name":"wp","href":"https:\/\/api.w.org\/{rel}","templated":true}]}}