{"id":1857,"date":"2026-04-18T10:36:49","date_gmt":"2026-04-18T15:36:49","guid":{"rendered":"https:\/\/qronews.info\/?p=1857"},"modified":"2026-04-29T10:37:22","modified_gmt":"2026-04-29T15:37:22","slug":"se-suma-quintana-roo-al-primer-dia-mundial-del-transporte-publico-iluminan-palacio-de-gobierno-y-el-obelisco-en-la-explanada-de-la-bandera-de-chetumal","status":"publish","type":"post","link":"https:\/\/qronews.info\/?p=1857","title":{"rendered":"Se suma Quintana Roo al primer D\u00eda Mundial del Transporte P\u00fablico: iluminan Palacio de Gobierno y el Obelisco en la Explanada de la Bandera de Chetumal"},"content":{"rendered":"\n<p>-El estado avanza en la transformaci\u00f3n del transporte con un modelo centrado en las personas, basado en datos y participaci\u00f3n ciudadana<br><br>Chetumal.- En el marco del D\u00eda Mundial del Transporte P\u00fablico que se celebr\u00f3 el pasado 17 de abril , el Gobierno del Estado&nbsp; a trav\u00e9s del Instituto Movilidad del Estado de Quintana Roo (IMOVEQROO) se uni\u00f3 a esta conmemoraci\u00f3n global que se celebra por primera vez en 2026 para reconocer al transporte como un elemento esencial para el bienestar, la sostenibilidad y la calidad de vida de las personas.<br><br>Como parte de esta celebraci\u00f3n, la noche del pasado 17 de abril, el Palacio de Gobierno del Estado y el Obelisco del Monumento a la Bandera de Chetumal se iluminaron con los colores de este movimiento internacional, simbolizando el compromiso de Quintana Roo con una movilidad m\u00e1s humana, eficiente e incluyente.<br>\u201cHoy partimos de una realidad muy clara: el transporte p\u00fablico no es un tema secundario; es parte de la vida diaria de miles de personas y una condici\u00f3n b\u00e1sica para el bienestar. Por ello, en el marco del Nuevo Acuerdo por el Bienestar y Desarrollo de Quintana Roo que impulsa nuestra gobernadora, Mara Lezama Espinosa, el modelo de movilidad ha puesto al centro la voz de la ciudadan\u00eda\u201d, expres\u00f3 el titular del IMOVEQROO,&nbsp; Rafael Hern\u00e1ndez Kotasek.<br><br>De acuerdo con datos del Instituto, el 55.8% de los viajes en transporte p\u00fablico en Quintana Roo se realizan para ir al trabajo, el 21.4% para asistir a la escuela y el 10.3% para compras o diligencias, lo que refleja que este servicio est\u00e1 directamente vinculado con el acceso al empleo, la educaci\u00f3n y la vida cotidiana de las familias.<br><br>Asimismo, destac\u00f3 que el transporte p\u00fablico es ampliamente utilizado en el estado: el 34.1% de la poblaci\u00f3n utiliza tanto combi como autob\u00fas para trasladarse, mientras que el 21% usa principalmente combi y el 12.6% autob\u00fas.<br><br>Esta dependencia es a\u00fan mayor en municipios como Benito Ju\u00e1rez, con 44.1% de uso combinado; Playa del Carmen, 43.9%; Oth\u00f3n P. Blanco, 35.4%; e Isla Mujeres, 20%.<br><br>El director general de IMOVEQROO subray\u00f3 que no se trata de un uso ocasional, ya que el 53.8% de las personas usuarias utiliza el transporte p\u00fablico cinco o m\u00e1s d\u00edas a la semana, alcanzando cifras de hasta 76.5% en Benito Ju\u00e1rez y 65.9% en Playa del Carmen.<br><br>\u201cEsto confirma que para miles de quintanarroenses, el transporte p\u00fablico es la columna vertebral de su movilidad\u201d, puntualiz\u00f3.<br><br>A\u00f1adi\u00f3 que el 93.2% de la poblaci\u00f3n considera el transporte p\u00fablico como un servicio importante o muy importante, incluso al nivel de temas como la seguridad p\u00fablica, las vialidades y el agua potable, lo que evidencia su impacto directo en la calidad de vida.<br><br>En ese sentido, se\u00f1al\u00f3 que la transformaci\u00f3n del transporte p\u00fablico en Quintana Roo ya est\u00e1 en marcha, con el sistema piloto Tu Ruta Chetumal, que ha permitido avanzar hacia un modelo m\u00e1s ordenado, digno y cercano a la ciudadan\u00eda.<br><br>Como parte de esta visi\u00f3n, luego de permanecer quince a\u00f1os sin transporte p\u00fablico, el sistema continuar\u00e1 su expansi\u00f3n con nuevas rutas estrat\u00e9gicas que se ir\u00e1n incorporando a las cuatro ya existentes, fortaleciendo la conectividad.<br><br>Se estima que, una vez consolidado el Sistema MOBI en la capital, se realicen alrededor de 32 mil viajes diarios en transporte p\u00fablico, beneficiando a 164 mil 484 personas, conectando a 6 mil 254 comercios e integrando a 174 colonias a una red de movilidad moderna, eficiente y accesible. <br><br>Se han realizado estudios t\u00e9cnicos de frecuencia de paso y ocupaci\u00f3n vehicular en campo, as\u00ed como encuestas y ejercicios de escucha activa que permiten entender c\u00f3mo se mueve la gente, en qu\u00e9 horarios y con qu\u00e9 necesidades.<br><br>Esta informaci\u00f3n alimenta la planeaci\u00f3n del sistema y garantiza decisiones basadas en evidencia, que permitir\u00e1 ordenar, integrar y proyectar el crecimiento de las ciudades con base en datos, participaci\u00f3n ciudadana y criterios de sostenibilidad, se\u00f1ala el titular de IMOVEQROO.<br><br>\u201cEstos datos demuestran que cuando se escucha a la ciudadan\u00eda, las decisiones son m\u00e1s s\u00f3lidas, m\u00e1s leg\u00edtimas y \u00fatiles para la vida diaria\u201d, afirm\u00f3.<br><br>Asimismo, el Gobierno del Estado a trav\u00e9s de IMOVEQROO se prepara para llevar esta transformaci\u00f3n a Canc\u00fan, con el objetivo de ampliar la cobertura, mejorar el servicio y seguir construyendo ciudades m\u00e1s conectadas y con mayor calidad de vida.<br><br>En el municipio con mayor poblaci\u00f3n del estado, ya se proyectan soluciones de movilidad a la altura del crecimiento urbano y tur\u00edstico, donde obras como el Puente Nichupt\u00e9 representan una oportunidad para integrar dos nuevas rutas de transporte p\u00fablico, con treinta y ocho autobuses el\u00e9ctricos y articulados, que conecten de manera m\u00e1s eficiente a Canc\u00fan, reduzcan tiempos de traslado y mejoren la experiencia de las y los usuarios, indic\u00f3 Hern\u00e1ndez Kotasek.<br><br>MOBI dar\u00e1 mayor orden operacional, llegar\u00e1 a colonias m\u00e1s apartadas, redise\u00f1ar\u00e1 rutas, otorgar\u00e1 beneficios tarifarios para quienes m\u00e1s lo necesitan, con transbordos con descuentos y gratuidades conforme avance su implementaci\u00f3n, con una visi\u00f3n integral.<br><br>\u201cMOBI no es solamente la llegada de nuevas unidades, es un nuevo modelo para mover mejor a Quintana Roo. <br><br>Es la apuesta por un transporte p\u00fablico moderno, incluyente, eficiente y a la altura de lo que merece nuestra gente\u201d se\u00f1al\u00f3.<br><br>\u201cEse es el camino que estamos siguiendo por indicaciones de la gobernadora Mara Lezama, escuchar primero, planear con seriedad y actuar con visi\u00f3n de largo plazo. Porque en Quintana Roo ya entendimos que el transporte p\u00fablico no puede seguir improvis\u00e1ndose; tiene que construirse con datos, con participaci\u00f3n social y con una ruta clara de transformaci\u00f3n\u00bb, concluy\u00f3 en el D\u00eda Mundial del Transporte P\u00fablico.<br><br>cgc.qroo.gob.mx<br>qroo.gob.mx<\/p>\n","protected":false},"excerpt":{"rendered":"<p>-El estado avanza en la transformaci\u00f3n del transporte con un modelo centrado en las personas, basado en datos y participaci\u00f3n ciudadana Chetumal.- En el marco del D\u00eda Mundial del Transporte P\u00fablico que se celebr\u00f3 el pasado 17 de abril , el Gobierno del Estado&nbsp; a trav\u00e9s del Instituto Movilidad del Estado de Quintana Roo (IMOVEQROO) [&hellip;]<\/p>\n","protected":false},"author":1,"featured_media":1856,"comment_status":"open","ping_status":"open","sticky":false,"template":"","format":"standard","meta":{"_jetpack_memberships_contains_paid_content":false,"footnotes":""},"categories":[4,5],"tags":[],"class_list":["post-1857","post","type-post","status-publish","format-standard","has-post-thumbnail","hentry","category-estados","category-mas-recientes"],"yoast_head":"<!-- This site is optimized with the Yoast SEO plugin v27.5 - https:\/\/yoast.com\/product\/yoast-seo-wordpress\/ -->\n<title>Se suma Quintana Roo al primer D\u00eda Mundial del Transporte P\u00fablico: iluminan Palacio de Gobierno y el Obelisco en la Explanada de la Bandera de Chetumal - QRONEWS<\/title>\n<meta name=\"robots\" content=\"index, follow, max-snippet:-1, max-image-preview:large, max-video-preview:-1\" \/>\n<link rel=\"canonical\" href=\"https:\/\/qronews.info\/?p=1857\" \/>\n<meta property=\"og:locale\" content=\"es_ES\" \/>\n<meta property=\"og:type\" content=\"article\" \/>\n<meta property=\"og:title\" content=\"Se suma Quintana Roo al primer D\u00eda Mundial del Transporte P\u00fablico: iluminan Palacio de Gobierno y el Obelisco en la Explanada de la Bandera de Chetumal - QRONEWS\" \/>\n<meta property=\"og:description\" content=\"-El estado avanza en la transformaci\u00f3n del transporte con un modelo centrado en las personas, basado en datos y participaci\u00f3n ciudadana Chetumal.- En el marco del D\u00eda Mundial del Transporte P\u00fablico que se celebr\u00f3 el pasado 17 de abril , el Gobierno del Estado&nbsp; a trav\u00e9s del Instituto Movilidad del Estado de Quintana Roo (IMOVEQROO) [&hellip;]\" \/>\n<meta property=\"og:url\" content=\"https:\/\/qronews.info\/?p=1857\" \/>\n<meta property=\"og:site_name\" content=\"QRONEWS\" \/>\n<meta property=\"article:published_time\" content=\"2026-04-18T15:36:49+00:00\" \/>\n<meta property=\"article:modified_time\" content=\"2026-04-29T15:37:22+00:00\" \/>\n<meta property=\"og:image\" content=\"https:\/\/qronews.info\/wp-content\/uploads\/2026\/04\/IMG-20260418-WA0006.jpg\" \/>\n\t<meta property=\"og:image:width\" content=\"1600\" \/>\n\t<meta property=\"og:image:height\" content=\"1066\" \/>\n\t<meta property=\"og:image:type\" content=\"image\/jpeg\" \/>\n<meta name=\"author\" content=\"admin\" \/>\n<meta name=\"twitter:card\" content=\"summary_large_image\" \/>\n<meta name=\"twitter:label1\" content=\"Escrito por\" \/>\n\t<meta name=\"twitter:data1\" content=\"admin\" \/>\n\t<meta name=\"twitter:label2\" content=\"Tiempo de lectura\" \/>\n\t<meta name=\"twitter:data2\" content=\"5 minutos\" \/>\n<script type=\"application\/ld+json\" class=\"yoast-schema-graph\">{\"@context\":\"https:\\\/\\\/schema.org\",\"@graph\":[{\"@type\":\"Article\",\"@id\":\"https:\\\/\\\/qronews.info\\\/?p=1857#article\",\"isPartOf\":{\"@id\":\"https:\\\/\\\/qronews.info\\\/?p=1857\"},\"author\":{\"name\":\"admin\",\"@id\":\"https:\\\/\\\/qronews.info\\\/#\\\/schema\\\/person\\\/a61b4145afe681f030552547c001d400\"},\"headline\":\"Se suma Quintana Roo al primer D\u00eda Mundial del Transporte P\u00fablico: iluminan Palacio de Gobierno y el Obelisco en la Explanada de la Bandera de Chetumal\",\"datePublished\":\"2026-04-18T15:36:49+00:00\",\"dateModified\":\"2026-04-29T15:37:22+00:00\",\"mainEntityOfPage\":{\"@id\":\"https:\\\/\\\/qronews.info\\\/?p=1857\"},\"wordCount\":1010,\"commentCount\":0,\"image\":{\"@id\":\"https:\\\/\\\/qronews.info\\\/?p=1857#primaryimage\"},\"thumbnailUrl\":\"https:\\\/\\\/qronews.info\\\/wp-content\\\/uploads\\\/2026\\\/04\\\/IMG-20260418-WA0006.jpg\",\"articleSection\":[\"Estado\",\"M\u00e1s recientes\"],\"inLanguage\":\"es\",\"potentialAction\":[{\"@type\":\"CommentAction\",\"name\":\"Comment\",\"target\":[\"https:\\\/\\\/qronews.info\\\/?p=1857#respond\"]}]},{\"@type\":\"WebPage\",\"@id\":\"https:\\\/\\\/qronews.info\\\/?p=1857\",\"url\":\"https:\\\/\\\/qronews.info\\\/?p=1857\",\"name\":\"Se suma Quintana Roo al primer D\u00eda Mundial del Transporte P\u00fablico: iluminan Palacio de Gobierno y el Obelisco en la Explanada de la Bandera de Chetumal - QRONEWS\",\"isPartOf\":{\"@id\":\"https:\\\/\\\/qronews.info\\\/#website\"},\"primaryImageOfPage\":{\"@id\":\"https:\\\/\\\/qronews.info\\\/?p=1857#primaryimage\"},\"image\":{\"@id\":\"https:\\\/\\\/qronews.info\\\/?p=1857#primaryimage\"},\"thumbnailUrl\":\"https:\\\/\\\/qronews.info\\\/wp-content\\\/uploads\\\/2026\\\/04\\\/IMG-20260418-WA0006.jpg\",\"datePublished\":\"2026-04-18T15:36:49+00:00\",\"dateModified\":\"2026-04-29T15:37:22+00:00\",\"author\":{\"@id\":\"https:\\\/\\\/qronews.info\\\/#\\\/schema\\\/person\\\/a61b4145afe681f030552547c001d400\"},\"breadcrumb\":{\"@id\":\"https:\\\/\\\/qronews.info\\\/?p=1857#breadcrumb\"},\"inLanguage\":\"es\",\"potentialAction\":[{\"@type\":\"ReadAction\",\"target\":[\"https:\\\/\\\/qronews.info\\\/?p=1857\"]}]},{\"@type\":\"ImageObject\",\"inLanguage\":\"es\",\"@id\":\"https:\\\/\\\/qronews.info\\\/?p=1857#primaryimage\",\"url\":\"https:\\\/\\\/qronews.info\\\/wp-content\\\/uploads\\\/2026\\\/04\\\/IMG-20260418-WA0006.jpg\",\"contentUrl\":\"https:\\\/\\\/qronews.info\\\/wp-content\\\/uploads\\\/2026\\\/04\\\/IMG-20260418-WA0006.jpg\",\"width\":1600,\"height\":1066},{\"@type\":\"BreadcrumbList\",\"@id\":\"https:\\\/\\\/qronews.info\\\/?p=1857#breadcrumb\",\"itemListElement\":[{\"@type\":\"ListItem\",\"position\":1,\"name\":\"Portada\",\"item\":\"https:\\\/\\\/qronews.info\\\/\"},{\"@type\":\"ListItem\",\"position\":2,\"name\":\"Se suma Quintana Roo al primer D\u00eda Mundial del Transporte P\u00fablico: iluminan Palacio de Gobierno y el Obelisco en la Explanada de la Bandera de Chetumal\"}]},{\"@type\":\"WebSite\",\"@id\":\"https:\\\/\\\/qronews.info\\\/#website\",\"url\":\"https:\\\/\\\/qronews.info\\\/\",\"name\":\"QRONEWS\",\"description\":\"La verdad en tiempo Real\",\"potentialAction\":[{\"@type\":\"SearchAction\",\"target\":{\"@type\":\"EntryPoint\",\"urlTemplate\":\"https:\\\/\\\/qronews.info\\\/?s={search_term_string}\"},\"query-input\":{\"@type\":\"PropertyValueSpecification\",\"valueRequired\":true,\"valueName\":\"search_term_string\"}}],\"inLanguage\":\"es\"},{\"@type\":\"Person\",\"@id\":\"https:\\\/\\\/qronews.info\\\/#\\\/schema\\\/person\\\/a61b4145afe681f030552547c001d400\",\"name\":\"admin\",\"image\":{\"@type\":\"ImageObject\",\"inLanguage\":\"es\",\"@id\":\"https:\\\/\\\/secure.gravatar.com\\\/avatar\\\/837353d0f04f6f7f1406ad605da7e87b22b3ae7d7179afd6e6d41ab847ba265f?s=96&d=mm&r=g\",\"url\":\"https:\\\/\\\/secure.gravatar.com\\\/avatar\\\/837353d0f04f6f7f1406ad605da7e87b22b3ae7d7179afd6e6d41ab847ba265f?s=96&d=mm&r=g\",\"contentUrl\":\"https:\\\/\\\/secure.gravatar.com\\\/avatar\\\/837353d0f04f6f7f1406ad605da7e87b22b3ae7d7179afd6e6d41ab847ba265f?s=96&d=mm&r=g\",\"caption\":\"admin\"},\"url\":\"https:\\\/\\\/qronews.info\\\/?author=1\"}]}<\/script>\n<!-- \/ Yoast SEO plugin. -->","yoast_head_json":{"title":"Se suma Quintana Roo al primer D\u00eda Mundial del Transporte P\u00fablico: iluminan Palacio de Gobierno y el Obelisco en la Explanada de la Bandera de Chetumal - QRONEWS","robots":{"index":"index","follow":"follow","max-snippet":"max-snippet:-1","max-image-preview":"max-image-preview:large","max-video-preview":"max-video-preview:-1"},"canonical":"https:\/\/qronews.info\/?p=1857","og_locale":"es_ES","og_type":"article","og_title":"Se suma Quintana Roo al primer D\u00eda Mundial del Transporte P\u00fablico: iluminan Palacio de Gobierno y el Obelisco en la Explanada de la Bandera de Chetumal - QRONEWS","og_description":"-El estado avanza en la transformaci\u00f3n del transporte con un modelo centrado en las personas, basado en datos y participaci\u00f3n ciudadana Chetumal.- En el marco del D\u00eda Mundial del Transporte P\u00fablico que se celebr\u00f3 el pasado 17 de abril , el Gobierno del Estado&nbsp; a trav\u00e9s del Instituto Movilidad del Estado de Quintana Roo (IMOVEQROO) [&hellip;]","og_url":"https:\/\/qronews.info\/?p=1857","og_site_name":"QRONEWS","article_published_time":"2026-04-18T15:36:49+00:00","article_modified_time":"2026-04-29T15:37:22+00:00","og_image":[{"width":1600,"height":1066,"url":"https:\/\/qronews.info\/wp-content\/uploads\/2026\/04\/IMG-20260418-WA0006.jpg","type":"image\/jpeg"}],"author":"admin","twitter_card":"summary_large_image","twitter_misc":{"Escrito por":"admin","Tiempo de lectura":"5 minutos"},"schema":{"@context":"https:\/\/schema.org","@graph":[{"@type":"Article","@id":"https:\/\/qronews.info\/?p=1857#article","isPartOf":{"@id":"https:\/\/qronews.info\/?p=1857"},"author":{"name":"admin","@id":"https:\/\/qronews.info\/#\/schema\/person\/a61b4145afe681f030552547c001d400"},"headline":"Se suma Quintana Roo al primer D\u00eda Mundial del Transporte P\u00fablico: iluminan Palacio de Gobierno y el Obelisco en la Explanada de la Bandera de Chetumal","datePublished":"2026-04-18T15:36:49+00:00","dateModified":"2026-04-29T15:37:22+00:00","mainEntityOfPage":{"@id":"https:\/\/qronews.info\/?p=1857"},"wordCount":1010,"commentCount":0,"image":{"@id":"https:\/\/qronews.info\/?p=1857#primaryimage"},"thumbnailUrl":"https:\/\/qronews.info\/wp-content\/uploads\/2026\/04\/IMG-20260418-WA0006.jpg","articleSection":["Estado","M\u00e1s recientes"],"inLanguage":"es","potentialAction":[{"@type":"CommentAction","name":"Comment","target":["https:\/\/qronews.info\/?p=1857#respond"]}]},{"@type":"WebPage","@id":"https:\/\/qronews.info\/?p=1857","url":"https:\/\/qronews.info\/?p=1857","name":"Se suma Quintana Roo al primer D\u00eda Mundial del Transporte P\u00fablico: iluminan Palacio de Gobierno y el Obelisco en la Explanada de la Bandera de Chetumal - QRONEWS","isPartOf":{"@id":"https:\/\/qronews.info\/#website"},"primaryImageOfPage":{"@id":"https:\/\/qronews.info\/?p=1857#primaryimage"},"image":{"@id":"https:\/\/qronews.info\/?p=1857#primaryimage"},"thumbnailUrl":"https:\/\/qronews.info\/wp-content\/uploads\/2026\/04\/IMG-20260418-WA0006.jpg","datePublished":"2026-04-18T15:36:49+00:00","dateModified":"2026-04-29T15:37:22+00:00","author":{"@id":"https:\/\/qronews.info\/#\/schema\/person\/a61b4145afe681f030552547c001d400"},"breadcrumb":{"@id":"https:\/\/qronews.info\/?p=1857#breadcrumb"},"inLanguage":"es","potentialAction":[{"@type":"ReadAction","target":["https:\/\/qronews.info\/?p=1857"]}]},{"@type":"ImageObject","inLanguage":"es","@id":"https:\/\/qronews.info\/?p=1857#primaryimage","url":"https:\/\/qronews.info\/wp-content\/uploads\/2026\/04\/IMG-20260418-WA0006.jpg","contentUrl":"https:\/\/qronews.info\/wp-content\/uploads\/2026\/04\/IMG-20260418-WA0006.jpg","width":1600,"height":1066},{"@type":"BreadcrumbList","@id":"https:\/\/qronews.info\/?p=1857#breadcrumb","itemListElement":[{"@type":"ListItem","position":1,"name":"Portada","item":"https:\/\/qronews.info\/"},{"@type":"ListItem","position":2,"name":"Se suma Quintana Roo al primer D\u00eda Mundial del Transporte P\u00fablico: iluminan Palacio de Gobierno y el Obelisco en la Explanada de la Bandera de Chetumal"}]},{"@type":"WebSite","@id":"https:\/\/qronews.info\/#website","url":"https:\/\/qronews.info\/","name":"QRONEWS","description":"La verdad en tiempo Real","potentialAction":[{"@type":"SearchAction","target":{"@type":"EntryPoint","urlTemplate":"https:\/\/qronews.info\/?s={search_term_string}"},"query-input":{"@type":"PropertyValueSpecification","valueRequired":true,"valueName":"search_term_string"}}],"inLanguage":"es"},{"@type":"Person","@id":"https:\/\/qronews.info\/#\/schema\/person\/a61b4145afe681f030552547c001d400","name":"admin","image":{"@type":"ImageObject","inLanguage":"es","@id":"https:\/\/secure.gravatar.com\/avatar\/837353d0f04f6f7f1406ad605da7e87b22b3ae7d7179afd6e6d41ab847ba265f?s=96&d=mm&r=g","url":"https:\/\/secure.gravatar.com\/avatar\/837353d0f04f6f7f1406ad605da7e87b22b3ae7d7179afd6e6d41ab847ba265f?s=96&d=mm&r=g","contentUrl":"https:\/\/secure.gravatar.com\/avatar\/837353d0f04f6f7f1406ad605da7e87b22b3ae7d7179afd6e6d41ab847ba265f?s=96&d=mm&r=g","caption":"admin"},"url":"https:\/\/qronews.info\/?author=1"}]}},"jetpack_featured_media_url":"https:\/\/qronews.info\/wp-content\/uploads\/2026\/04\/IMG-20260418-WA0006.jpg","jetpack_sharing_enabled":true,"_links":{"self":[{"href":"https:\/\/qronews.info\/index.php?rest_route=\/wp\/v2\/posts\/1857","targetHints":{"allow":["GET"]}}],"collection":[{"href":"https:\/\/qronews.info\/index.php?rest_route=\/wp\/v2\/posts"}],"about":[{"href":"https:\/\/qronews.info\/index.php?rest_route=\/wp\/v2\/types\/post"}],"author":[{"embeddable":true,"href":"https:\/\/qronews.info\/index.php?rest_route=\/wp\/v2\/users\/1"}],"replies":[{"embeddable":true,"href":"https:\/\/qronews.info\/index.php?rest_route=%2Fwp%2Fv2%2Fcomments&post=1857"}],"version-history":[{"count":1,"href":"https:\/\/qronews.info\/index.php?rest_route=\/wp\/v2\/posts\/1857\/revisions"}],"predecessor-version":[{"id":1858,"href":"https:\/\/qronews.info\/index.php?rest_route=\/wp\/v2\/posts\/1857\/revisions\/1858"}],"wp:featuredmedia":[{"embeddable":true,"href":"https:\/\/qronews.info\/index.php?rest_route=\/wp\/v2\/media\/1856"}],"wp:attachment":[{"href":"https:\/\/qronews.info\/index.php?rest_route=%2Fwp%2Fv2%2Fmedia&parent=1857"}],"wp:term":[{"taxonomy":"category","embeddable":true,"href":"https:\/\/qronews.info\/index.php?rest_route=%2Fwp%2Fv2%2Fcategories&post=1857"},{"taxonomy":"post_tag","embeddable":true,"href":"https:\/\/qronews.info\/index.php?rest_route=%2Fwp%2Fv2%2Ftags&post=1857"}],"curies":[{"name":"wp","href":"https:\/\/api.w.org\/{rel}","templated":true}]}}