{"id":1836,"date":"2026-04-10T10:16:35","date_gmt":"2026-04-10T15:16:35","guid":{"rendered":"https:\/\/qronews.info\/?p=1836"},"modified":"2026-04-29T10:16:55","modified_gmt":"2026-04-29T15:16:55","slug":"invitan-a-la-tercera-edicion-del-festival-de-la-tierra-en-playa-del-carmen","status":"publish","type":"post","link":"https:\/\/qronews.info\/?p=1836","title":{"rendered":"Invitan a la tercera edici\u00f3n del Festival de la Tierra en Playa del Carmen"},"content":{"rendered":"\n<p>Con una invitaci\u00f3n a replantear la forma en la que convivimos con el planeta, se present\u00f3 en Playa del Carmen la tercera edici\u00f3n del Festival de la Tierra, que con el lema \u201cReforestar a trav\u00e9s de la cultura y la conciencia\u201d, tendr\u00e1 lugar del 18 al 25 de abril.<br><br>El festival es una \u201cplataforma viva de articulaci\u00f3n comunitaria, conciencia colectiva y participaci\u00f3n colaborativa, un punto de encuentro donde convergen saberes ancestrales, innovaci\u00f3n social, educaci\u00f3n, ciencia, cultura, activismo, gastronom\u00eda, actividades comunitarias, espiritualidad y sostenibilidad\u201d, destac\u00f3 Daniela J\u00e1uregui, una de las organizadoras.<\/p>\n\n\n\n<p>Manifest\u00f3 que a diferencia de las ediciones anteriores, en esta ocasi\u00f3n se ha vuelto un movimiento internacional con la intenci\u00f3n de funcionar como una plataforma de encuentro para visibilizar iniciativas que dif\u00edcilmente podr\u00edan vincularse por su distancia; sin embargo, gracias al mapa mundial de Puntos Verdes, en el cual participan m\u00e1s de 60 colectivos de diferentes continentes, ser\u00e1 posible.<br><br>El evento se realiza en el marco del D\u00eda Mundial de la Tierra, que se celebra cada 22 de abril. Entre las actividades a realizar est\u00e1n labores de reforestaci\u00f3n, acopio de desechos, conferencias, paneles, proyecciones, exposici\u00f3n fotogr\u00e1fica y conciertos. La cartelera completa de eventos puede consultarse en las p\u00e1ginas de Facebook @jaguarnegroartcenter e Instagram @jaguarnegrocenter @consejo_ciudadano_pdc y @festival_de_la_tierra_playa.<br><br>La inauguraci\u00f3n ser\u00e1 el s\u00e1bado 18 con una muestra fotogr\u00e1fica en el pulm\u00f3n verde de Playa del Carmen, ubicado en la colonia Luis Donaldo Colosio. Ese mismo d\u00eda a partir de las 11 horas habr\u00e1 talleres de papel, reutilizaci\u00f3n de textiles y mesa de trueque en el museo Frida Kahlo, en la Quinta avenida.<\/p>\n","protected":false},"excerpt":{"rendered":"<p>Con una invitaci\u00f3n a replantear la forma en la que convivimos con el planeta, se present\u00f3 en Playa del Carmen la tercera edici\u00f3n del Festival de la Tierra, que con el lema \u201cReforestar a trav\u00e9s de la cultura y la conciencia\u201d, tendr\u00e1 lugar del 18 al 25 de abril. El festival es una \u201cplataforma viva [&hellip;]<\/p>\n","protected":false},"author":1,"featured_media":1835,"comment_status":"open","ping_status":"open","sticky":false,"template":"","format":"standard","meta":{"_jetpack_memberships_contains_paid_content":false,"footnotes":""},"categories":[4,5],"tags":[],"class_list":["post-1836","post","type-post","status-publish","format-standard","has-post-thumbnail","hentry","category-estados","category-mas-recientes"],"yoast_head":"<!-- This site is optimized with the Yoast SEO plugin v27.5 - https:\/\/yoast.com\/product\/yoast-seo-wordpress\/ -->\n<title>Invitan a la tercera edici\u00f3n del Festival de la Tierra en Playa del Carmen - QRONEWS<\/title>\n<meta name=\"robots\" content=\"index, follow, max-snippet:-1, max-image-preview:large, max-video-preview:-1\" \/>\n<link rel=\"canonical\" href=\"https:\/\/qronews.info\/?p=1836\" \/>\n<meta property=\"og:locale\" content=\"es_ES\" \/>\n<meta property=\"og:type\" content=\"article\" \/>\n<meta property=\"og:title\" content=\"Invitan a la tercera edici\u00f3n del Festival de la Tierra en Playa del Carmen - QRONEWS\" \/>\n<meta property=\"og:description\" content=\"Con una invitaci\u00f3n a replantear la forma en la que convivimos con el planeta, se present\u00f3 en Playa del Carmen la tercera edici\u00f3n del Festival de la Tierra, que con el lema \u201cReforestar a trav\u00e9s de la cultura y la conciencia\u201d, tendr\u00e1 lugar del 18 al 25 de abril. El festival es una \u201cplataforma viva [&hellip;]\" \/>\n<meta property=\"og:url\" content=\"https:\/\/qronews.info\/?p=1836\" \/>\n<meta property=\"og:site_name\" content=\"QRONEWS\" \/>\n<meta property=\"article:published_time\" content=\"2026-04-10T15:16:35+00:00\" \/>\n<meta property=\"article:modified_time\" content=\"2026-04-29T15:16:55+00:00\" \/>\n<meta property=\"og:image\" content=\"https:\/\/qronews.info\/wp-content\/uploads\/2026\/04\/defestivaltierra1004.jpeg\" \/>\n\t<meta property=\"og:image:width\" content=\"1600\" \/>\n\t<meta property=\"og:image:height\" content=\"721\" \/>\n\t<meta property=\"og:image:type\" content=\"image\/jpeg\" \/>\n<meta name=\"author\" content=\"admin\" \/>\n<meta name=\"twitter:card\" content=\"summary_large_image\" \/>\n<meta name=\"twitter:label1\" content=\"Escrito por\" \/>\n\t<meta name=\"twitter:data1\" content=\"admin\" \/>\n\t<meta name=\"twitter:label2\" content=\"Tiempo de lectura\" \/>\n\t<meta name=\"twitter:data2\" content=\"1 minuto\" \/>\n<script type=\"application\/ld+json\" class=\"yoast-schema-graph\">{\"@context\":\"https:\\\/\\\/schema.org\",\"@graph\":[{\"@type\":\"Article\",\"@id\":\"https:\\\/\\\/qronews.info\\\/?p=1836#article\",\"isPartOf\":{\"@id\":\"https:\\\/\\\/qronews.info\\\/?p=1836\"},\"author\":{\"name\":\"admin\",\"@id\":\"https:\\\/\\\/qronews.info\\\/#\\\/schema\\\/person\\\/a61b4145afe681f030552547c001d400\"},\"headline\":\"Invitan a la tercera edici\u00f3n del Festival de la Tierra en Playa del Carmen\",\"datePublished\":\"2026-04-10T15:16:35+00:00\",\"dateModified\":\"2026-04-29T15:16:55+00:00\",\"mainEntityOfPage\":{\"@id\":\"https:\\\/\\\/qronews.info\\\/?p=1836\"},\"wordCount\":302,\"commentCount\":0,\"image\":{\"@id\":\"https:\\\/\\\/qronews.info\\\/?p=1836#primaryimage\"},\"thumbnailUrl\":\"https:\\\/\\\/qronews.info\\\/wp-content\\\/uploads\\\/2026\\\/04\\\/defestivaltierra1004.jpeg\",\"articleSection\":[\"Estado\",\"M\u00e1s recientes\"],\"inLanguage\":\"es\",\"potentialAction\":[{\"@type\":\"CommentAction\",\"name\":\"Comment\",\"target\":[\"https:\\\/\\\/qronews.info\\\/?p=1836#respond\"]}]},{\"@type\":\"WebPage\",\"@id\":\"https:\\\/\\\/qronews.info\\\/?p=1836\",\"url\":\"https:\\\/\\\/qronews.info\\\/?p=1836\",\"name\":\"Invitan a la tercera edici\u00f3n del Festival de la Tierra en Playa del Carmen - QRONEWS\",\"isPartOf\":{\"@id\":\"https:\\\/\\\/qronews.info\\\/#website\"},\"primaryImageOfPage\":{\"@id\":\"https:\\\/\\\/qronews.info\\\/?p=1836#primaryimage\"},\"image\":{\"@id\":\"https:\\\/\\\/qronews.info\\\/?p=1836#primaryimage\"},\"thumbnailUrl\":\"https:\\\/\\\/qronews.info\\\/wp-content\\\/uploads\\\/2026\\\/04\\\/defestivaltierra1004.jpeg\",\"datePublished\":\"2026-04-10T15:16:35+00:00\",\"dateModified\":\"2026-04-29T15:16:55+00:00\",\"author\":{\"@id\":\"https:\\\/\\\/qronews.info\\\/#\\\/schema\\\/person\\\/a61b4145afe681f030552547c001d400\"},\"breadcrumb\":{\"@id\":\"https:\\\/\\\/qronews.info\\\/?p=1836#breadcrumb\"},\"inLanguage\":\"es\",\"potentialAction\":[{\"@type\":\"ReadAction\",\"target\":[\"https:\\\/\\\/qronews.info\\\/?p=1836\"]}]},{\"@type\":\"ImageObject\",\"inLanguage\":\"es\",\"@id\":\"https:\\\/\\\/qronews.info\\\/?p=1836#primaryimage\",\"url\":\"https:\\\/\\\/qronews.info\\\/wp-content\\\/uploads\\\/2026\\\/04\\\/defestivaltierra1004.jpeg\",\"contentUrl\":\"https:\\\/\\\/qronews.info\\\/wp-content\\\/uploads\\\/2026\\\/04\\\/defestivaltierra1004.jpeg\",\"width\":1600,\"height\":721},{\"@type\":\"BreadcrumbList\",\"@id\":\"https:\\\/\\\/qronews.info\\\/?p=1836#breadcrumb\",\"itemListElement\":[{\"@type\":\"ListItem\",\"position\":1,\"name\":\"Portada\",\"item\":\"https:\\\/\\\/qronews.info\\\/\"},{\"@type\":\"ListItem\",\"position\":2,\"name\":\"Invitan a la tercera edici\u00f3n del Festival de la Tierra en Playa del Carmen\"}]},{\"@type\":\"WebSite\",\"@id\":\"https:\\\/\\\/qronews.info\\\/#website\",\"url\":\"https:\\\/\\\/qronews.info\\\/\",\"name\":\"QRONEWS\",\"description\":\"La verdad en tiempo Real\",\"potentialAction\":[{\"@type\":\"SearchAction\",\"target\":{\"@type\":\"EntryPoint\",\"urlTemplate\":\"https:\\\/\\\/qronews.info\\\/?s={search_term_string}\"},\"query-input\":{\"@type\":\"PropertyValueSpecification\",\"valueRequired\":true,\"valueName\":\"search_term_string\"}}],\"inLanguage\":\"es\"},{\"@type\":\"Person\",\"@id\":\"https:\\\/\\\/qronews.info\\\/#\\\/schema\\\/person\\\/a61b4145afe681f030552547c001d400\",\"name\":\"admin\",\"image\":{\"@type\":\"ImageObject\",\"inLanguage\":\"es\",\"@id\":\"https:\\\/\\\/secure.gravatar.com\\\/avatar\\\/837353d0f04f6f7f1406ad605da7e87b22b3ae7d7179afd6e6d41ab847ba265f?s=96&d=mm&r=g\",\"url\":\"https:\\\/\\\/secure.gravatar.com\\\/avatar\\\/837353d0f04f6f7f1406ad605da7e87b22b3ae7d7179afd6e6d41ab847ba265f?s=96&d=mm&r=g\",\"contentUrl\":\"https:\\\/\\\/secure.gravatar.com\\\/avatar\\\/837353d0f04f6f7f1406ad605da7e87b22b3ae7d7179afd6e6d41ab847ba265f?s=96&d=mm&r=g\",\"caption\":\"admin\"},\"url\":\"https:\\\/\\\/qronews.info\\\/?author=1\"}]}<\/script>\n<!-- \/ Yoast SEO plugin. -->","yoast_head_json":{"title":"Invitan a la tercera edici\u00f3n del Festival de la Tierra en Playa del Carmen - QRONEWS","robots":{"index":"index","follow":"follow","max-snippet":"max-snippet:-1","max-image-preview":"max-image-preview:large","max-video-preview":"max-video-preview:-1"},"canonical":"https:\/\/qronews.info\/?p=1836","og_locale":"es_ES","og_type":"article","og_title":"Invitan a la tercera edici\u00f3n del Festival de la Tierra en Playa del Carmen - QRONEWS","og_description":"Con una invitaci\u00f3n a replantear la forma en la que convivimos con el planeta, se present\u00f3 en Playa del Carmen la tercera edici\u00f3n del Festival de la Tierra, que con el lema \u201cReforestar a trav\u00e9s de la cultura y la conciencia\u201d, tendr\u00e1 lugar del 18 al 25 de abril. El festival es una \u201cplataforma viva [&hellip;]","og_url":"https:\/\/qronews.info\/?p=1836","og_site_name":"QRONEWS","article_published_time":"2026-04-10T15:16:35+00:00","article_modified_time":"2026-04-29T15:16:55+00:00","og_image":[{"width":1600,"height":721,"url":"https:\/\/qronews.info\/wp-content\/uploads\/2026\/04\/defestivaltierra1004.jpeg","type":"image\/jpeg"}],"author":"admin","twitter_card":"summary_large_image","twitter_misc":{"Escrito por":"admin","Tiempo de lectura":"1 minuto"},"schema":{"@context":"https:\/\/schema.org","@graph":[{"@type":"Article","@id":"https:\/\/qronews.info\/?p=1836#article","isPartOf":{"@id":"https:\/\/qronews.info\/?p=1836"},"author":{"name":"admin","@id":"https:\/\/qronews.info\/#\/schema\/person\/a61b4145afe681f030552547c001d400"},"headline":"Invitan a la tercera edici\u00f3n del Festival de la Tierra en Playa del Carmen","datePublished":"2026-04-10T15:16:35+00:00","dateModified":"2026-04-29T15:16:55+00:00","mainEntityOfPage":{"@id":"https:\/\/qronews.info\/?p=1836"},"wordCount":302,"commentCount":0,"image":{"@id":"https:\/\/qronews.info\/?p=1836#primaryimage"},"thumbnailUrl":"https:\/\/qronews.info\/wp-content\/uploads\/2026\/04\/defestivaltierra1004.jpeg","articleSection":["Estado","M\u00e1s recientes"],"inLanguage":"es","potentialAction":[{"@type":"CommentAction","name":"Comment","target":["https:\/\/qronews.info\/?p=1836#respond"]}]},{"@type":"WebPage","@id":"https:\/\/qronews.info\/?p=1836","url":"https:\/\/qronews.info\/?p=1836","name":"Invitan a la tercera edici\u00f3n del Festival de la Tierra en Playa del Carmen - QRONEWS","isPartOf":{"@id":"https:\/\/qronews.info\/#website"},"primaryImageOfPage":{"@id":"https:\/\/qronews.info\/?p=1836#primaryimage"},"image":{"@id":"https:\/\/qronews.info\/?p=1836#primaryimage"},"thumbnailUrl":"https:\/\/qronews.info\/wp-content\/uploads\/2026\/04\/defestivaltierra1004.jpeg","datePublished":"2026-04-10T15:16:35+00:00","dateModified":"2026-04-29T15:16:55+00:00","author":{"@id":"https:\/\/qronews.info\/#\/schema\/person\/a61b4145afe681f030552547c001d400"},"breadcrumb":{"@id":"https:\/\/qronews.info\/?p=1836#breadcrumb"},"inLanguage":"es","potentialAction":[{"@type":"ReadAction","target":["https:\/\/qronews.info\/?p=1836"]}]},{"@type":"ImageObject","inLanguage":"es","@id":"https:\/\/qronews.info\/?p=1836#primaryimage","url":"https:\/\/qronews.info\/wp-content\/uploads\/2026\/04\/defestivaltierra1004.jpeg","contentUrl":"https:\/\/qronews.info\/wp-content\/uploads\/2026\/04\/defestivaltierra1004.jpeg","width":1600,"height":721},{"@type":"BreadcrumbList","@id":"https:\/\/qronews.info\/?p=1836#breadcrumb","itemListElement":[{"@type":"ListItem","position":1,"name":"Portada","item":"https:\/\/qronews.info\/"},{"@type":"ListItem","position":2,"name":"Invitan a la tercera edici\u00f3n del Festival de la Tierra en Playa del Carmen"}]},{"@type":"WebSite","@id":"https:\/\/qronews.info\/#website","url":"https:\/\/qronews.info\/","name":"QRONEWS","description":"La verdad en tiempo Real","potentialAction":[{"@type":"SearchAction","target":{"@type":"EntryPoint","urlTemplate":"https:\/\/qronews.info\/?s={search_term_string}"},"query-input":{"@type":"PropertyValueSpecification","valueRequired":true,"valueName":"search_term_string"}}],"inLanguage":"es"},{"@type":"Person","@id":"https:\/\/qronews.info\/#\/schema\/person\/a61b4145afe681f030552547c001d400","name":"admin","image":{"@type":"ImageObject","inLanguage":"es","@id":"https:\/\/secure.gravatar.com\/avatar\/837353d0f04f6f7f1406ad605da7e87b22b3ae7d7179afd6e6d41ab847ba265f?s=96&d=mm&r=g","url":"https:\/\/secure.gravatar.com\/avatar\/837353d0f04f6f7f1406ad605da7e87b22b3ae7d7179afd6e6d41ab847ba265f?s=96&d=mm&r=g","contentUrl":"https:\/\/secure.gravatar.com\/avatar\/837353d0f04f6f7f1406ad605da7e87b22b3ae7d7179afd6e6d41ab847ba265f?s=96&d=mm&r=g","caption":"admin"},"url":"https:\/\/qronews.info\/?author=1"}]}},"jetpack_featured_media_url":"https:\/\/qronews.info\/wp-content\/uploads\/2026\/04\/defestivaltierra1004.jpeg","jetpack_sharing_enabled":true,"_links":{"self":[{"href":"https:\/\/qronews.info\/index.php?rest_route=\/wp\/v2\/posts\/1836","targetHints":{"allow":["GET"]}}],"collection":[{"href":"https:\/\/qronews.info\/index.php?rest_route=\/wp\/v2\/posts"}],"about":[{"href":"https:\/\/qronews.info\/index.php?rest_route=\/wp\/v2\/types\/post"}],"author":[{"embeddable":true,"href":"https:\/\/qronews.info\/index.php?rest_route=\/wp\/v2\/users\/1"}],"replies":[{"embeddable":true,"href":"https:\/\/qronews.info\/index.php?rest_route=%2Fwp%2Fv2%2Fcomments&post=1836"}],"version-history":[{"count":1,"href":"https:\/\/qronews.info\/index.php?rest_route=\/wp\/v2\/posts\/1836\/revisions"}],"predecessor-version":[{"id":1837,"href":"https:\/\/qronews.info\/index.php?rest_route=\/wp\/v2\/posts\/1836\/revisions\/1837"}],"wp:featuredmedia":[{"embeddable":true,"href":"https:\/\/qronews.info\/index.php?rest_route=\/wp\/v2\/media\/1835"}],"wp:attachment":[{"href":"https:\/\/qronews.info\/index.php?rest_route=%2Fwp%2Fv2%2Fmedia&parent=1836"}],"wp:term":[{"taxonomy":"category","embeddable":true,"href":"https:\/\/qronews.info\/index.php?rest_route=%2Fwp%2Fv2%2Fcategories&post=1836"},{"taxonomy":"post_tag","embeddable":true,"href":"https:\/\/qronews.info\/index.php?rest_route=%2Fwp%2Fv2%2Ftags&post=1836"}],"curies":[{"name":"wp","href":"https:\/\/api.w.org\/{rel}","templated":true}]}}