{"id":1702,"date":"2026-02-24T15:00:04","date_gmt":"2026-02-24T20:00:04","guid":{"rendered":"https:\/\/qronews.info\/?p=1702"},"modified":"2026-03-16T15:01:41","modified_gmt":"2026-03-16T20:01:41","slug":"celebro-cozumel-la-cocina-del-caribe-mexicano-con-festival-gastronomico","status":"publish","type":"post","link":"https:\/\/qronews.info\/?p=1702","title":{"rendered":"Celebr\u00f3 Cozumel la cocina del Caribe Mexicano con festival gastron\u00f3mico"},"content":{"rendered":"\n<p>El Quinto Festival Gastron\u00f3mico del Caribe Mexicano, celebrado en Cozumel el pasado fin de semana y que reuni\u00f3 a m\u00e1s de 3 mil 800 visitantes locales e internacionales, fue un \u00e9xito, se\u00f1al\u00f3 el gobierno estatal en un comunicado; con ello la isla se contin\u00faa consolidando como uno de los principales referentes gastron\u00f3micos de Quintana Roo, destacando la riqueza cultural y culinaria del estado.<br><br>\u201cEste festival ha demostrado la enorme creatividad y talento que existe en nuestra regi\u00f3n, no solo en la cocina, sino tambi\u00e9n en las manos de m\u00e1s de 55 artesanos que presentaron sus productos y manualidades, adem\u00e1s de m\u00e1s de 15 experiencias dedicadas a postres y bebidas. Este evento se ha convertido en una gran vitrina de la diversidad y sabor de Quintana Roo\u201d, mencion\u00f3 el secretario de Turismo en el estado, Bernardo Cueto Riestra.<br><br>El evento, que tuvo lugar en el pintoresco parque central de Cozumel, cont\u00f3 con la participaci\u00f3n de m\u00e1s de 27 expositores gastron\u00f3micos, quienes ofrecieron m\u00e1s de 50 experiencias culinarias \u00fanicas, reflejando la diversidad y sabor de los 12 destinos de Quintana Roo. <br><br>Este a\u00f1o, el ingrediente invitado fue el coco, que, desde la gastronom\u00eda salada hasta los postres y bebidas; se convirti\u00f3 en el protagonista del evento, sorprendiendo a los asistentes con su versatilidad.<br><br>El festival cont\u00f3 con la participaci\u00f3n de la cocinera tradicional Magali Pech, acreedora del premio del Primer Reto del Taco en Fitur, as\u00ed como la presencia de chefs reconocidos por la Gu\u00eda Michelin y por la Gu\u00eda M\u00e9xico Gastron\u00f3mico: Los 250 restaurantes.<br><br>Este evento no solo promueve el desarrollo econ\u00f3mico y tur\u00edstico, sino que tambi\u00e9n refuerza la identidad cultural de Quintana Roo, impulsando la promoci\u00f3n de los productos locales y la creaci\u00f3n de nuevas experiencias para los turistas y residentes.<\/p>\n","protected":false},"excerpt":{"rendered":"<p>El Quinto Festival Gastron\u00f3mico del Caribe Mexicano, celebrado en Cozumel el pasado fin de semana y que reuni\u00f3 a m\u00e1s de 3 mil 800 visitantes locales e internacionales, fue un \u00e9xito, se\u00f1al\u00f3 el gobierno estatal en un comunicado; con ello la isla se contin\u00faa consolidando como uno de los principales referentes gastron\u00f3micos de Quintana Roo, [&hellip;]<\/p>\n","protected":false},"author":1,"featured_media":1701,"comment_status":"open","ping_status":"open","sticky":false,"template":"","format":"standard","meta":{"_jetpack_memberships_contains_paid_content":false,"footnotes":""},"categories":[8,5],"tags":[],"class_list":["post-1702","post","type-post","status-publish","format-standard","has-post-thumbnail","hentry","category-cozumel","category-mas-recientes"],"yoast_head":"<!-- This site is optimized with the Yoast SEO plugin v27.5 - https:\/\/yoast.com\/product\/yoast-seo-wordpress\/ -->\n<title>Celebr\u00f3 Cozumel la cocina del Caribe Mexicano con festival gastron\u00f3mico - QRONEWS<\/title>\n<meta name=\"robots\" content=\"index, follow, max-snippet:-1, max-image-preview:large, max-video-preview:-1\" \/>\n<link rel=\"canonical\" href=\"https:\/\/qronews.info\/?p=1702\" \/>\n<meta property=\"og:locale\" content=\"es_ES\" \/>\n<meta property=\"og:type\" content=\"article\" \/>\n<meta property=\"og:title\" content=\"Celebr\u00f3 Cozumel la cocina del Caribe Mexicano con festival gastron\u00f3mico - QRONEWS\" \/>\n<meta property=\"og:description\" content=\"El Quinto Festival Gastron\u00f3mico del Caribe Mexicano, celebrado en Cozumel el pasado fin de semana y que reuni\u00f3 a m\u00e1s de 3 mil 800 visitantes locales e internacionales, fue un \u00e9xito, se\u00f1al\u00f3 el gobierno estatal en un comunicado; con ello la isla se contin\u00faa consolidando como uno de los principales referentes gastron\u00f3micos de Quintana Roo, [&hellip;]\" \/>\n<meta property=\"og:url\" content=\"https:\/\/qronews.info\/?p=1702\" \/>\n<meta property=\"og:site_name\" content=\"QRONEWS\" \/>\n<meta property=\"article:published_time\" content=\"2026-02-24T20:00:04+00:00\" \/>\n<meta property=\"article:modified_time\" content=\"2026-03-16T20:01:41+00:00\" \/>\n<meta property=\"og:image\" content=\"https:\/\/qronews.info\/wp-content\/uploads\/2026\/03\/gobiernodeqrooscua2402.jpeg\" \/>\n\t<meta property=\"og:image:width\" content=\"1600\" \/>\n\t<meta property=\"og:image:height\" content=\"1066\" \/>\n\t<meta property=\"og:image:type\" content=\"image\/jpeg\" \/>\n<meta name=\"author\" content=\"admin\" \/>\n<meta name=\"twitter:card\" content=\"summary_large_image\" \/>\n<meta name=\"twitter:label1\" content=\"Escrito por\" \/>\n\t<meta name=\"twitter:data1\" content=\"admin\" \/>\n\t<meta name=\"twitter:label2\" content=\"Tiempo de lectura\" \/>\n\t<meta name=\"twitter:data2\" content=\"2 minutos\" \/>\n<script type=\"application\/ld+json\" class=\"yoast-schema-graph\">{\"@context\":\"https:\\\/\\\/schema.org\",\"@graph\":[{\"@type\":\"Article\",\"@id\":\"https:\\\/\\\/qronews.info\\\/?p=1702#article\",\"isPartOf\":{\"@id\":\"https:\\\/\\\/qronews.info\\\/?p=1702\"},\"author\":{\"name\":\"admin\",\"@id\":\"https:\\\/\\\/qronews.info\\\/#\\\/schema\\\/person\\\/a61b4145afe681f030552547c001d400\"},\"headline\":\"Celebr\u00f3 Cozumel la cocina del Caribe Mexicano con festival gastron\u00f3mico\",\"datePublished\":\"2026-02-24T20:00:04+00:00\",\"dateModified\":\"2026-03-16T20:01:41+00:00\",\"mainEntityOfPage\":{\"@id\":\"https:\\\/\\\/qronews.info\\\/?p=1702\"},\"wordCount\":320,\"commentCount\":0,\"image\":{\"@id\":\"https:\\\/\\\/qronews.info\\\/?p=1702#primaryimage\"},\"thumbnailUrl\":\"https:\\\/\\\/qronews.info\\\/wp-content\\\/uploads\\\/2026\\\/03\\\/gobiernodeqrooscua2402.jpeg\",\"articleSection\":[\"Cozumel\",\"M\u00e1s recientes\"],\"inLanguage\":\"es\",\"potentialAction\":[{\"@type\":\"CommentAction\",\"name\":\"Comment\",\"target\":[\"https:\\\/\\\/qronews.info\\\/?p=1702#respond\"]}]},{\"@type\":\"WebPage\",\"@id\":\"https:\\\/\\\/qronews.info\\\/?p=1702\",\"url\":\"https:\\\/\\\/qronews.info\\\/?p=1702\",\"name\":\"Celebr\u00f3 Cozumel la cocina del Caribe Mexicano con festival gastron\u00f3mico - QRONEWS\",\"isPartOf\":{\"@id\":\"https:\\\/\\\/qronews.info\\\/#website\"},\"primaryImageOfPage\":{\"@id\":\"https:\\\/\\\/qronews.info\\\/?p=1702#primaryimage\"},\"image\":{\"@id\":\"https:\\\/\\\/qronews.info\\\/?p=1702#primaryimage\"},\"thumbnailUrl\":\"https:\\\/\\\/qronews.info\\\/wp-content\\\/uploads\\\/2026\\\/03\\\/gobiernodeqrooscua2402.jpeg\",\"datePublished\":\"2026-02-24T20:00:04+00:00\",\"dateModified\":\"2026-03-16T20:01:41+00:00\",\"author\":{\"@id\":\"https:\\\/\\\/qronews.info\\\/#\\\/schema\\\/person\\\/a61b4145afe681f030552547c001d400\"},\"breadcrumb\":{\"@id\":\"https:\\\/\\\/qronews.info\\\/?p=1702#breadcrumb\"},\"inLanguage\":\"es\",\"potentialAction\":[{\"@type\":\"ReadAction\",\"target\":[\"https:\\\/\\\/qronews.info\\\/?p=1702\"]}]},{\"@type\":\"ImageObject\",\"inLanguage\":\"es\",\"@id\":\"https:\\\/\\\/qronews.info\\\/?p=1702#primaryimage\",\"url\":\"https:\\\/\\\/qronews.info\\\/wp-content\\\/uploads\\\/2026\\\/03\\\/gobiernodeqrooscua2402.jpeg\",\"contentUrl\":\"https:\\\/\\\/qronews.info\\\/wp-content\\\/uploads\\\/2026\\\/03\\\/gobiernodeqrooscua2402.jpeg\",\"width\":1600,\"height\":1066},{\"@type\":\"BreadcrumbList\",\"@id\":\"https:\\\/\\\/qronews.info\\\/?p=1702#breadcrumb\",\"itemListElement\":[{\"@type\":\"ListItem\",\"position\":1,\"name\":\"Portada\",\"item\":\"https:\\\/\\\/qronews.info\\\/\"},{\"@type\":\"ListItem\",\"position\":2,\"name\":\"Celebr\u00f3 Cozumel la cocina del Caribe Mexicano con festival gastron\u00f3mico\"}]},{\"@type\":\"WebSite\",\"@id\":\"https:\\\/\\\/qronews.info\\\/#website\",\"url\":\"https:\\\/\\\/qronews.info\\\/\",\"name\":\"QRONEWS\",\"description\":\"La verdad en tiempo Real\",\"potentialAction\":[{\"@type\":\"SearchAction\",\"target\":{\"@type\":\"EntryPoint\",\"urlTemplate\":\"https:\\\/\\\/qronews.info\\\/?s={search_term_string}\"},\"query-input\":{\"@type\":\"PropertyValueSpecification\",\"valueRequired\":true,\"valueName\":\"search_term_string\"}}],\"inLanguage\":\"es\"},{\"@type\":\"Person\",\"@id\":\"https:\\\/\\\/qronews.info\\\/#\\\/schema\\\/person\\\/a61b4145afe681f030552547c001d400\",\"name\":\"admin\",\"image\":{\"@type\":\"ImageObject\",\"inLanguage\":\"es\",\"@id\":\"https:\\\/\\\/secure.gravatar.com\\\/avatar\\\/837353d0f04f6f7f1406ad605da7e87b22b3ae7d7179afd6e6d41ab847ba265f?s=96&d=mm&r=g\",\"url\":\"https:\\\/\\\/secure.gravatar.com\\\/avatar\\\/837353d0f04f6f7f1406ad605da7e87b22b3ae7d7179afd6e6d41ab847ba265f?s=96&d=mm&r=g\",\"contentUrl\":\"https:\\\/\\\/secure.gravatar.com\\\/avatar\\\/837353d0f04f6f7f1406ad605da7e87b22b3ae7d7179afd6e6d41ab847ba265f?s=96&d=mm&r=g\",\"caption\":\"admin\"},\"url\":\"https:\\\/\\\/qronews.info\\\/?author=1\"}]}<\/script>\n<!-- \/ Yoast SEO plugin. -->","yoast_head_json":{"title":"Celebr\u00f3 Cozumel la cocina del Caribe Mexicano con festival gastron\u00f3mico - QRONEWS","robots":{"index":"index","follow":"follow","max-snippet":"max-snippet:-1","max-image-preview":"max-image-preview:large","max-video-preview":"max-video-preview:-1"},"canonical":"https:\/\/qronews.info\/?p=1702","og_locale":"es_ES","og_type":"article","og_title":"Celebr\u00f3 Cozumel la cocina del Caribe Mexicano con festival gastron\u00f3mico - QRONEWS","og_description":"El Quinto Festival Gastron\u00f3mico del Caribe Mexicano, celebrado en Cozumel el pasado fin de semana y que reuni\u00f3 a m\u00e1s de 3 mil 800 visitantes locales e internacionales, fue un \u00e9xito, se\u00f1al\u00f3 el gobierno estatal en un comunicado; con ello la isla se contin\u00faa consolidando como uno de los principales referentes gastron\u00f3micos de Quintana Roo, [&hellip;]","og_url":"https:\/\/qronews.info\/?p=1702","og_site_name":"QRONEWS","article_published_time":"2026-02-24T20:00:04+00:00","article_modified_time":"2026-03-16T20:01:41+00:00","og_image":[{"width":1600,"height":1066,"url":"https:\/\/qronews.info\/wp-content\/uploads\/2026\/03\/gobiernodeqrooscua2402.jpeg","type":"image\/jpeg"}],"author":"admin","twitter_card":"summary_large_image","twitter_misc":{"Escrito por":"admin","Tiempo de lectura":"2 minutos"},"schema":{"@context":"https:\/\/schema.org","@graph":[{"@type":"Article","@id":"https:\/\/qronews.info\/?p=1702#article","isPartOf":{"@id":"https:\/\/qronews.info\/?p=1702"},"author":{"name":"admin","@id":"https:\/\/qronews.info\/#\/schema\/person\/a61b4145afe681f030552547c001d400"},"headline":"Celebr\u00f3 Cozumel la cocina del Caribe Mexicano con festival gastron\u00f3mico","datePublished":"2026-02-24T20:00:04+00:00","dateModified":"2026-03-16T20:01:41+00:00","mainEntityOfPage":{"@id":"https:\/\/qronews.info\/?p=1702"},"wordCount":320,"commentCount":0,"image":{"@id":"https:\/\/qronews.info\/?p=1702#primaryimage"},"thumbnailUrl":"https:\/\/qronews.info\/wp-content\/uploads\/2026\/03\/gobiernodeqrooscua2402.jpeg","articleSection":["Cozumel","M\u00e1s recientes"],"inLanguage":"es","potentialAction":[{"@type":"CommentAction","name":"Comment","target":["https:\/\/qronews.info\/?p=1702#respond"]}]},{"@type":"WebPage","@id":"https:\/\/qronews.info\/?p=1702","url":"https:\/\/qronews.info\/?p=1702","name":"Celebr\u00f3 Cozumel la cocina del Caribe Mexicano con festival gastron\u00f3mico - QRONEWS","isPartOf":{"@id":"https:\/\/qronews.info\/#website"},"primaryImageOfPage":{"@id":"https:\/\/qronews.info\/?p=1702#primaryimage"},"image":{"@id":"https:\/\/qronews.info\/?p=1702#primaryimage"},"thumbnailUrl":"https:\/\/qronews.info\/wp-content\/uploads\/2026\/03\/gobiernodeqrooscua2402.jpeg","datePublished":"2026-02-24T20:00:04+00:00","dateModified":"2026-03-16T20:01:41+00:00","author":{"@id":"https:\/\/qronews.info\/#\/schema\/person\/a61b4145afe681f030552547c001d400"},"breadcrumb":{"@id":"https:\/\/qronews.info\/?p=1702#breadcrumb"},"inLanguage":"es","potentialAction":[{"@type":"ReadAction","target":["https:\/\/qronews.info\/?p=1702"]}]},{"@type":"ImageObject","inLanguage":"es","@id":"https:\/\/qronews.info\/?p=1702#primaryimage","url":"https:\/\/qronews.info\/wp-content\/uploads\/2026\/03\/gobiernodeqrooscua2402.jpeg","contentUrl":"https:\/\/qronews.info\/wp-content\/uploads\/2026\/03\/gobiernodeqrooscua2402.jpeg","width":1600,"height":1066},{"@type":"BreadcrumbList","@id":"https:\/\/qronews.info\/?p=1702#breadcrumb","itemListElement":[{"@type":"ListItem","position":1,"name":"Portada","item":"https:\/\/qronews.info\/"},{"@type":"ListItem","position":2,"name":"Celebr\u00f3 Cozumel la cocina del Caribe Mexicano con festival gastron\u00f3mico"}]},{"@type":"WebSite","@id":"https:\/\/qronews.info\/#website","url":"https:\/\/qronews.info\/","name":"QRONEWS","description":"La verdad en tiempo Real","potentialAction":[{"@type":"SearchAction","target":{"@type":"EntryPoint","urlTemplate":"https:\/\/qronews.info\/?s={search_term_string}"},"query-input":{"@type":"PropertyValueSpecification","valueRequired":true,"valueName":"search_term_string"}}],"inLanguage":"es"},{"@type":"Person","@id":"https:\/\/qronews.info\/#\/schema\/person\/a61b4145afe681f030552547c001d400","name":"admin","image":{"@type":"ImageObject","inLanguage":"es","@id":"https:\/\/secure.gravatar.com\/avatar\/837353d0f04f6f7f1406ad605da7e87b22b3ae7d7179afd6e6d41ab847ba265f?s=96&d=mm&r=g","url":"https:\/\/secure.gravatar.com\/avatar\/837353d0f04f6f7f1406ad605da7e87b22b3ae7d7179afd6e6d41ab847ba265f?s=96&d=mm&r=g","contentUrl":"https:\/\/secure.gravatar.com\/avatar\/837353d0f04f6f7f1406ad605da7e87b22b3ae7d7179afd6e6d41ab847ba265f?s=96&d=mm&r=g","caption":"admin"},"url":"https:\/\/qronews.info\/?author=1"}]}},"jetpack_featured_media_url":"https:\/\/qronews.info\/wp-content\/uploads\/2026\/03\/gobiernodeqrooscua2402.jpeg","jetpack_sharing_enabled":true,"_links":{"self":[{"href":"https:\/\/qronews.info\/index.php?rest_route=\/wp\/v2\/posts\/1702","targetHints":{"allow":["GET"]}}],"collection":[{"href":"https:\/\/qronews.info\/index.php?rest_route=\/wp\/v2\/posts"}],"about":[{"href":"https:\/\/qronews.info\/index.php?rest_route=\/wp\/v2\/types\/post"}],"author":[{"embeddable":true,"href":"https:\/\/qronews.info\/index.php?rest_route=\/wp\/v2\/users\/1"}],"replies":[{"embeddable":true,"href":"https:\/\/qronews.info\/index.php?rest_route=%2Fwp%2Fv2%2Fcomments&post=1702"}],"version-history":[{"count":1,"href":"https:\/\/qronews.info\/index.php?rest_route=\/wp\/v2\/posts\/1702\/revisions"}],"predecessor-version":[{"id":1703,"href":"https:\/\/qronews.info\/index.php?rest_route=\/wp\/v2\/posts\/1702\/revisions\/1703"}],"wp:featuredmedia":[{"embeddable":true,"href":"https:\/\/qronews.info\/index.php?rest_route=\/wp\/v2\/media\/1701"}],"wp:attachment":[{"href":"https:\/\/qronews.info\/index.php?rest_route=%2Fwp%2Fv2%2Fmedia&parent=1702"}],"wp:term":[{"taxonomy":"category","embeddable":true,"href":"https:\/\/qronews.info\/index.php?rest_route=%2Fwp%2Fv2%2Fcategories&post=1702"},{"taxonomy":"post_tag","embeddable":true,"href":"https:\/\/qronews.info\/index.php?rest_route=%2Fwp%2Fv2%2Ftags&post=1702"}],"curies":[{"name":"wp","href":"https:\/\/api.w.org\/{rel}","templated":true}]}}