{"id":1699,"date":"2026-02-23T14:58:54","date_gmt":"2026-02-23T19:58:54","guid":{"rendered":"https:\/\/qronews.info\/?p=1699"},"modified":"2026-03-16T14:59:22","modified_gmt":"2026-03-16T19:59:22","slug":"participa-sema-en-comision-regional-de-cambio-climatico-de-la-peninsula-de-yucatan","status":"publish","type":"post","link":"https:\/\/qronews.info\/?p=1699","title":{"rendered":"Participa SEMA en Comisi\u00f3n Regional de Cambio Clim\u00e1tico de la Pen\u00ednsula de Yucat\u00e1n"},"content":{"rendered":"\n<p>-Se presentaron estrategias conjuntas para el manejo integral del fuego, con el objetivo de fortalecer la prevenci\u00f3n y atenci\u00f3n de incendios forestales en la regi\u00f3n<br><br>Izamal, Yucat\u00e1n.- Con el prop\u00f3sito de fortalecer las estrategias ante la emergencia clim\u00e1tica y salvaguardar la riqueza natural del sureste del pa\u00eds, la Secretar\u00eda de Ecolog\u00eda y Medio Ambiente (SEMA) particip\u00f3 en la Primera Sesi\u00f3n Ordinaria 2026 de la Comisi\u00f3n Regional de Cambio Clim\u00e1tico de la Pen\u00ednsula de Yucat\u00e1n.<br><br>El gobierno de Quintana Roo a trav\u00e9s de la SEMA que encabeza \u00d3scar R\u00e9bora Aguilera, estuvo presente en dicho evento que se realiz\u00f3 en el Pueblo M\u00e1gico de Izamal, donde autoridades estatales y representantes del sector ambiental abordaron las estrategias conjuntas para el manejo integral del fuego, con el objetivo de fortalecer la prevenci\u00f3n y atenci\u00f3n de incendios forestales en la regi\u00f3n.<br><br>La participaci\u00f3n de la SEMA se realiz\u00f3 en el marco del Nuevo Acuerdo por el Bienestar y Desarrollo de Quintana Roo que impulsa la gobernadora Mara Lezama Espinosa, donde se reitera el compromiso con el cuidado del medio ambiente, la protecci\u00f3n de la selva y la coordinaci\u00f3n interinstitucional para hacer frente a los retos que plantea el cambio clim\u00e1tico. <br><br>Durante la sesi\u00f3n, la SEMA present\u00f3 el an\u00e1lisis de frentes de deforestaci\u00f3n en Quintana Roo, destacando las principales zonas de atenci\u00f3n prioritaria y las acciones implementadas para frenar el avance de la deforestaci\u00f3n forestal. <br><br>Asimismo, se dio a conocer la geolocalizaci\u00f3n de puntos estrat\u00e9gicos en Bacalar y del R\u00edo Hondo, lo que permitir\u00e1 dirigir con mayor precisi\u00f3n los esfuerzos de ordenamiento ecol\u00f3gico territorial. <br><br>Adem\u00e1s, se acord\u00f3 establecer puntos prioritarios para combatir la deforestaci\u00f3n mediante el fortalecimiento normativo y el monitoreo forestal peninsular, as\u00ed como integrar el Sistema Importante del Patrimonio Agr\u00edcola Mundial (SIPAM) de la milpa maya en las agendas estatales como estrategia de conservaci\u00f3n de la biodiversidad.<br><br>El titular de la SEMA, \u00d3scar R\u00e9bora, subray\u00f3 la importancia del trabajo conjunto y el apoyo mutuo entre las entidades que conforman la Pen\u00ednsula de Yucat\u00e1n, a fin de consolidar estrategias regionales que fortalezcan la conservaci\u00f3n de los recursos naturales.<br><br>cgc.qroo.gob.mx<br>qroo.gob.mx<\/p>\n","protected":false},"excerpt":{"rendered":"<p>-Se presentaron estrategias conjuntas para el manejo integral del fuego, con el objetivo de fortalecer la prevenci\u00f3n y atenci\u00f3n de incendios forestales en la regi\u00f3n Izamal, Yucat\u00e1n.- Con el prop\u00f3sito de fortalecer las estrategias ante la emergencia clim\u00e1tica y salvaguardar la riqueza natural del sureste del pa\u00eds, la Secretar\u00eda de Ecolog\u00eda y Medio Ambiente (SEMA) [&hellip;]<\/p>\n","protected":false},"author":1,"featured_media":1698,"comment_status":"open","ping_status":"open","sticky":false,"template":"","format":"standard","meta":{"_jetpack_memberships_contains_paid_content":false,"footnotes":""},"categories":[4,5],"tags":[],"class_list":["post-1699","post","type-post","status-publish","format-standard","has-post-thumbnail","hentry","category-estados","category-mas-recientes"],"yoast_head":"<!-- This site is optimized with the Yoast SEO plugin v27.5 - https:\/\/yoast.com\/product\/yoast-seo-wordpress\/ -->\n<title>Participa SEMA en Comisi\u00f3n Regional de Cambio Clim\u00e1tico de la Pen\u00ednsula de Yucat\u00e1n - QRONEWS<\/title>\n<meta name=\"robots\" content=\"index, follow, max-snippet:-1, max-image-preview:large, max-video-preview:-1\" \/>\n<link rel=\"canonical\" href=\"https:\/\/qronews.info\/?p=1699\" \/>\n<meta property=\"og:locale\" content=\"es_ES\" \/>\n<meta property=\"og:type\" content=\"article\" \/>\n<meta property=\"og:title\" content=\"Participa SEMA en Comisi\u00f3n Regional de Cambio Clim\u00e1tico de la Pen\u00ednsula de Yucat\u00e1n - QRONEWS\" \/>\n<meta property=\"og:description\" content=\"-Se presentaron estrategias conjuntas para el manejo integral del fuego, con el objetivo de fortalecer la prevenci\u00f3n y atenci\u00f3n de incendios forestales en la regi\u00f3n Izamal, Yucat\u00e1n.- Con el prop\u00f3sito de fortalecer las estrategias ante la emergencia clim\u00e1tica y salvaguardar la riqueza natural del sureste del pa\u00eds, la Secretar\u00eda de Ecolog\u00eda y Medio Ambiente (SEMA) [&hellip;]\" \/>\n<meta property=\"og:url\" content=\"https:\/\/qronews.info\/?p=1699\" \/>\n<meta property=\"og:site_name\" content=\"QRONEWS\" \/>\n<meta property=\"article:published_time\" content=\"2026-02-23T19:58:54+00:00\" \/>\n<meta property=\"article:modified_time\" content=\"2026-03-16T19:59:22+00:00\" \/>\n<meta property=\"og:image\" content=\"https:\/\/qronews.info\/wp-content\/uploads\/2026\/03\/IMG-20260223-WA0005.jpg\" \/>\n\t<meta property=\"og:image:width\" content=\"1280\" \/>\n\t<meta property=\"og:image:height\" content=\"854\" \/>\n\t<meta property=\"og:image:type\" content=\"image\/jpeg\" \/>\n<meta name=\"author\" content=\"admin\" \/>\n<meta name=\"twitter:card\" content=\"summary_large_image\" \/>\n<meta name=\"twitter:label1\" content=\"Escrito por\" \/>\n\t<meta name=\"twitter:data1\" content=\"admin\" \/>\n\t<meta name=\"twitter:label2\" content=\"Tiempo de lectura\" \/>\n\t<meta name=\"twitter:data2\" content=\"2 minutos\" \/>\n<script type=\"application\/ld+json\" class=\"yoast-schema-graph\">{\"@context\":\"https:\\\/\\\/schema.org\",\"@graph\":[{\"@type\":\"Article\",\"@id\":\"https:\\\/\\\/qronews.info\\\/?p=1699#article\",\"isPartOf\":{\"@id\":\"https:\\\/\\\/qronews.info\\\/?p=1699\"},\"author\":{\"name\":\"admin\",\"@id\":\"https:\\\/\\\/qronews.info\\\/#\\\/schema\\\/person\\\/a61b4145afe681f030552547c001d400\"},\"headline\":\"Participa SEMA en Comisi\u00f3n Regional de Cambio Clim\u00e1tico de la Pen\u00ednsula de Yucat\u00e1n\",\"datePublished\":\"2026-02-23T19:58:54+00:00\",\"dateModified\":\"2026-03-16T19:59:22+00:00\",\"mainEntityOfPage\":{\"@id\":\"https:\\\/\\\/qronews.info\\\/?p=1699\"},\"wordCount\":408,\"commentCount\":0,\"image\":{\"@id\":\"https:\\\/\\\/qronews.info\\\/?p=1699#primaryimage\"},\"thumbnailUrl\":\"https:\\\/\\\/qronews.info\\\/wp-content\\\/uploads\\\/2026\\\/03\\\/IMG-20260223-WA0005.jpg\",\"articleSection\":[\"Estado\",\"M\u00e1s recientes\"],\"inLanguage\":\"es\",\"potentialAction\":[{\"@type\":\"CommentAction\",\"name\":\"Comment\",\"target\":[\"https:\\\/\\\/qronews.info\\\/?p=1699#respond\"]}]},{\"@type\":\"WebPage\",\"@id\":\"https:\\\/\\\/qronews.info\\\/?p=1699\",\"url\":\"https:\\\/\\\/qronews.info\\\/?p=1699\",\"name\":\"Participa SEMA en Comisi\u00f3n Regional de Cambio Clim\u00e1tico de la Pen\u00ednsula de Yucat\u00e1n - QRONEWS\",\"isPartOf\":{\"@id\":\"https:\\\/\\\/qronews.info\\\/#website\"},\"primaryImageOfPage\":{\"@id\":\"https:\\\/\\\/qronews.info\\\/?p=1699#primaryimage\"},\"image\":{\"@id\":\"https:\\\/\\\/qronews.info\\\/?p=1699#primaryimage\"},\"thumbnailUrl\":\"https:\\\/\\\/qronews.info\\\/wp-content\\\/uploads\\\/2026\\\/03\\\/IMG-20260223-WA0005.jpg\",\"datePublished\":\"2026-02-23T19:58:54+00:00\",\"dateModified\":\"2026-03-16T19:59:22+00:00\",\"author\":{\"@id\":\"https:\\\/\\\/qronews.info\\\/#\\\/schema\\\/person\\\/a61b4145afe681f030552547c001d400\"},\"breadcrumb\":{\"@id\":\"https:\\\/\\\/qronews.info\\\/?p=1699#breadcrumb\"},\"inLanguage\":\"es\",\"potentialAction\":[{\"@type\":\"ReadAction\",\"target\":[\"https:\\\/\\\/qronews.info\\\/?p=1699\"]}]},{\"@type\":\"ImageObject\",\"inLanguage\":\"es\",\"@id\":\"https:\\\/\\\/qronews.info\\\/?p=1699#primaryimage\",\"url\":\"https:\\\/\\\/qronews.info\\\/wp-content\\\/uploads\\\/2026\\\/03\\\/IMG-20260223-WA0005.jpg\",\"contentUrl\":\"https:\\\/\\\/qronews.info\\\/wp-content\\\/uploads\\\/2026\\\/03\\\/IMG-20260223-WA0005.jpg\",\"width\":1280,\"height\":854},{\"@type\":\"BreadcrumbList\",\"@id\":\"https:\\\/\\\/qronews.info\\\/?p=1699#breadcrumb\",\"itemListElement\":[{\"@type\":\"ListItem\",\"position\":1,\"name\":\"Portada\",\"item\":\"https:\\\/\\\/qronews.info\\\/\"},{\"@type\":\"ListItem\",\"position\":2,\"name\":\"Participa SEMA en Comisi\u00f3n Regional de Cambio Clim\u00e1tico de la Pen\u00ednsula de Yucat\u00e1n\"}]},{\"@type\":\"WebSite\",\"@id\":\"https:\\\/\\\/qronews.info\\\/#website\",\"url\":\"https:\\\/\\\/qronews.info\\\/\",\"name\":\"QRONEWS\",\"description\":\"La verdad en tiempo Real\",\"potentialAction\":[{\"@type\":\"SearchAction\",\"target\":{\"@type\":\"EntryPoint\",\"urlTemplate\":\"https:\\\/\\\/qronews.info\\\/?s={search_term_string}\"},\"query-input\":{\"@type\":\"PropertyValueSpecification\",\"valueRequired\":true,\"valueName\":\"search_term_string\"}}],\"inLanguage\":\"es\"},{\"@type\":\"Person\",\"@id\":\"https:\\\/\\\/qronews.info\\\/#\\\/schema\\\/person\\\/a61b4145afe681f030552547c001d400\",\"name\":\"admin\",\"image\":{\"@type\":\"ImageObject\",\"inLanguage\":\"es\",\"@id\":\"https:\\\/\\\/secure.gravatar.com\\\/avatar\\\/837353d0f04f6f7f1406ad605da7e87b22b3ae7d7179afd6e6d41ab847ba265f?s=96&d=mm&r=g\",\"url\":\"https:\\\/\\\/secure.gravatar.com\\\/avatar\\\/837353d0f04f6f7f1406ad605da7e87b22b3ae7d7179afd6e6d41ab847ba265f?s=96&d=mm&r=g\",\"contentUrl\":\"https:\\\/\\\/secure.gravatar.com\\\/avatar\\\/837353d0f04f6f7f1406ad605da7e87b22b3ae7d7179afd6e6d41ab847ba265f?s=96&d=mm&r=g\",\"caption\":\"admin\"},\"url\":\"https:\\\/\\\/qronews.info\\\/?author=1\"}]}<\/script>\n<!-- \/ Yoast SEO plugin. -->","yoast_head_json":{"title":"Participa SEMA en Comisi\u00f3n Regional de Cambio Clim\u00e1tico de la Pen\u00ednsula de Yucat\u00e1n - QRONEWS","robots":{"index":"index","follow":"follow","max-snippet":"max-snippet:-1","max-image-preview":"max-image-preview:large","max-video-preview":"max-video-preview:-1"},"canonical":"https:\/\/qronews.info\/?p=1699","og_locale":"es_ES","og_type":"article","og_title":"Participa SEMA en Comisi\u00f3n Regional de Cambio Clim\u00e1tico de la Pen\u00ednsula de Yucat\u00e1n - QRONEWS","og_description":"-Se presentaron estrategias conjuntas para el manejo integral del fuego, con el objetivo de fortalecer la prevenci\u00f3n y atenci\u00f3n de incendios forestales en la regi\u00f3n Izamal, Yucat\u00e1n.- Con el prop\u00f3sito de fortalecer las estrategias ante la emergencia clim\u00e1tica y salvaguardar la riqueza natural del sureste del pa\u00eds, la Secretar\u00eda de Ecolog\u00eda y Medio Ambiente (SEMA) [&hellip;]","og_url":"https:\/\/qronews.info\/?p=1699","og_site_name":"QRONEWS","article_published_time":"2026-02-23T19:58:54+00:00","article_modified_time":"2026-03-16T19:59:22+00:00","og_image":[{"width":1280,"height":854,"url":"https:\/\/qronews.info\/wp-content\/uploads\/2026\/03\/IMG-20260223-WA0005.jpg","type":"image\/jpeg"}],"author":"admin","twitter_card":"summary_large_image","twitter_misc":{"Escrito por":"admin","Tiempo de lectura":"2 minutos"},"schema":{"@context":"https:\/\/schema.org","@graph":[{"@type":"Article","@id":"https:\/\/qronews.info\/?p=1699#article","isPartOf":{"@id":"https:\/\/qronews.info\/?p=1699"},"author":{"name":"admin","@id":"https:\/\/qronews.info\/#\/schema\/person\/a61b4145afe681f030552547c001d400"},"headline":"Participa SEMA en Comisi\u00f3n Regional de Cambio Clim\u00e1tico de la Pen\u00ednsula de Yucat\u00e1n","datePublished":"2026-02-23T19:58:54+00:00","dateModified":"2026-03-16T19:59:22+00:00","mainEntityOfPage":{"@id":"https:\/\/qronews.info\/?p=1699"},"wordCount":408,"commentCount":0,"image":{"@id":"https:\/\/qronews.info\/?p=1699#primaryimage"},"thumbnailUrl":"https:\/\/qronews.info\/wp-content\/uploads\/2026\/03\/IMG-20260223-WA0005.jpg","articleSection":["Estado","M\u00e1s recientes"],"inLanguage":"es","potentialAction":[{"@type":"CommentAction","name":"Comment","target":["https:\/\/qronews.info\/?p=1699#respond"]}]},{"@type":"WebPage","@id":"https:\/\/qronews.info\/?p=1699","url":"https:\/\/qronews.info\/?p=1699","name":"Participa SEMA en Comisi\u00f3n Regional de Cambio Clim\u00e1tico de la Pen\u00ednsula de Yucat\u00e1n - QRONEWS","isPartOf":{"@id":"https:\/\/qronews.info\/#website"},"primaryImageOfPage":{"@id":"https:\/\/qronews.info\/?p=1699#primaryimage"},"image":{"@id":"https:\/\/qronews.info\/?p=1699#primaryimage"},"thumbnailUrl":"https:\/\/qronews.info\/wp-content\/uploads\/2026\/03\/IMG-20260223-WA0005.jpg","datePublished":"2026-02-23T19:58:54+00:00","dateModified":"2026-03-16T19:59:22+00:00","author":{"@id":"https:\/\/qronews.info\/#\/schema\/person\/a61b4145afe681f030552547c001d400"},"breadcrumb":{"@id":"https:\/\/qronews.info\/?p=1699#breadcrumb"},"inLanguage":"es","potentialAction":[{"@type":"ReadAction","target":["https:\/\/qronews.info\/?p=1699"]}]},{"@type":"ImageObject","inLanguage":"es","@id":"https:\/\/qronews.info\/?p=1699#primaryimage","url":"https:\/\/qronews.info\/wp-content\/uploads\/2026\/03\/IMG-20260223-WA0005.jpg","contentUrl":"https:\/\/qronews.info\/wp-content\/uploads\/2026\/03\/IMG-20260223-WA0005.jpg","width":1280,"height":854},{"@type":"BreadcrumbList","@id":"https:\/\/qronews.info\/?p=1699#breadcrumb","itemListElement":[{"@type":"ListItem","position":1,"name":"Portada","item":"https:\/\/qronews.info\/"},{"@type":"ListItem","position":2,"name":"Participa SEMA en Comisi\u00f3n Regional de Cambio Clim\u00e1tico de la Pen\u00ednsula de Yucat\u00e1n"}]},{"@type":"WebSite","@id":"https:\/\/qronews.info\/#website","url":"https:\/\/qronews.info\/","name":"QRONEWS","description":"La verdad en tiempo Real","potentialAction":[{"@type":"SearchAction","target":{"@type":"EntryPoint","urlTemplate":"https:\/\/qronews.info\/?s={search_term_string}"},"query-input":{"@type":"PropertyValueSpecification","valueRequired":true,"valueName":"search_term_string"}}],"inLanguage":"es"},{"@type":"Person","@id":"https:\/\/qronews.info\/#\/schema\/person\/a61b4145afe681f030552547c001d400","name":"admin","image":{"@type":"ImageObject","inLanguage":"es","@id":"https:\/\/secure.gravatar.com\/avatar\/837353d0f04f6f7f1406ad605da7e87b22b3ae7d7179afd6e6d41ab847ba265f?s=96&d=mm&r=g","url":"https:\/\/secure.gravatar.com\/avatar\/837353d0f04f6f7f1406ad605da7e87b22b3ae7d7179afd6e6d41ab847ba265f?s=96&d=mm&r=g","contentUrl":"https:\/\/secure.gravatar.com\/avatar\/837353d0f04f6f7f1406ad605da7e87b22b3ae7d7179afd6e6d41ab847ba265f?s=96&d=mm&r=g","caption":"admin"},"url":"https:\/\/qronews.info\/?author=1"}]}},"jetpack_featured_media_url":"https:\/\/qronews.info\/wp-content\/uploads\/2026\/03\/IMG-20260223-WA0005.jpg","jetpack_sharing_enabled":true,"_links":{"self":[{"href":"https:\/\/qronews.info\/index.php?rest_route=\/wp\/v2\/posts\/1699","targetHints":{"allow":["GET"]}}],"collection":[{"href":"https:\/\/qronews.info\/index.php?rest_route=\/wp\/v2\/posts"}],"about":[{"href":"https:\/\/qronews.info\/index.php?rest_route=\/wp\/v2\/types\/post"}],"author":[{"embeddable":true,"href":"https:\/\/qronews.info\/index.php?rest_route=\/wp\/v2\/users\/1"}],"replies":[{"embeddable":true,"href":"https:\/\/qronews.info\/index.php?rest_route=%2Fwp%2Fv2%2Fcomments&post=1699"}],"version-history":[{"count":1,"href":"https:\/\/qronews.info\/index.php?rest_route=\/wp\/v2\/posts\/1699\/revisions"}],"predecessor-version":[{"id":1700,"href":"https:\/\/qronews.info\/index.php?rest_route=\/wp\/v2\/posts\/1699\/revisions\/1700"}],"wp:featuredmedia":[{"embeddable":true,"href":"https:\/\/qronews.info\/index.php?rest_route=\/wp\/v2\/media\/1698"}],"wp:attachment":[{"href":"https:\/\/qronews.info\/index.php?rest_route=%2Fwp%2Fv2%2Fmedia&parent=1699"}],"wp:term":[{"taxonomy":"category","embeddable":true,"href":"https:\/\/qronews.info\/index.php?rest_route=%2Fwp%2Fv2%2Fcategories&post=1699"},{"taxonomy":"post_tag","embeddable":true,"href":"https:\/\/qronews.info\/index.php?rest_route=%2Fwp%2Fv2%2Ftags&post=1699"}],"curies":[{"name":"wp","href":"https:\/\/api.w.org\/{rel}","templated":true}]}}