{"id":1693,"date":"2026-02-21T14:35:42","date_gmt":"2026-02-21T19:35:42","guid":{"rendered":"https:\/\/qronews.info\/?p=1693"},"modified":"2026-03-16T14:36:15","modified_gmt":"2026-03-16T19:36:15","slug":"grupo-xcaret-firma-convenio-con-profeco-para-fortalecer-derechos-de-los-consumidores-turisticos","status":"publish","type":"post","link":"https:\/\/qronews.info\/?p=1693","title":{"rendered":"Grupo Xcaret firma convenio con Profeco para fortalecer derechos de los consumidores tur\u00edsticos"},"content":{"rendered":"\n<p>Con el objetivo de garantizar servicios tur\u00edsticos m\u00e1s transparentes y fortalecer la protecci\u00f3n de los derechos de los consumidores, Grupo Xcaret firm\u00f3 tres convenios de colaboraci\u00f3n con la Procuradur\u00eda Federal del Consumidor (Profeco) este viernes 20 de febrero.<br><br>Durante el acto protocolario, el procurador federal del consumidor, Iv\u00e1n Escalante Ruiz, destac\u00f3 que esta alianza representa un paso importante para consolidar relaciones de consumo basadas en la equidad, la transparencia y la confianza dentro de una de las industrias m\u00e1s relevantes para el pa\u00eds, como lo es el turismo.<br><br>\u00abNo me parece que sea \u00fanicamente un acuerdo formal, es m\u00e1s bien un paso firme hacia un futuro donde la equidad, la transparencia y la confianza sean los pilares de todas las relaciones de consumo en nuestro pa\u00eds. Quiero subrayar que este acto tambi\u00e9n lanza un mensaje importante, que es que en el Gobierno de M\u00e9xico el trabajo en equipo es la norma\u00bb, enfatiz\u00f3.<br><br>Explic\u00f3 que los acuerdos contemplan, en primer lugar, un convenio de colaboraci\u00f3n institucional, mediante el cual la empresa se compromete a adoptar mejores pr\u00e1cticas comerciales, ofrecer informaci\u00f3n clara y veraz sobre sus servicios tur\u00edsticos y hoteleros, as\u00ed como implementar mecanismos de atenci\u00f3n que permitan resolver dudas, respetar garant\u00edas y evitar cualquier tipo de publicidad enga\u00f1osa.<br><br>Asimismo, como parte de estos compromisos, la Profeco brindar\u00e1 asesor\u00eda y capacitaci\u00f3n en materia de comercio y publicidad, adem\u00e1s de acompa\u00f1amiento en el registro de contratos de adhesi\u00f3n, con el fin de eliminar cl\u00e1usulas que pudieran considerarse abusivas y fomentar una cultura de consumo informado y responsable.<br><br>El segundo acuerdo establece la incorporaci\u00f3n de Grupo Xcaret a Concilianet, plataforma digital que permite a las personas consumidoras acceder a procesos de conciliaci\u00f3n en l\u00ednea, facilitando audiencias remotas y garantizando que notificaciones, citatorios y resoluciones se realicen con transparencia y seguridad.<br><br>La empresa tambi\u00e9n se integrar\u00e1 al sistema Conciliaexpr\u00e9s, mecanismo que permitir\u00e1 resolver controversias de manera inmediata a trav\u00e9s de medios telef\u00f3nicos o electr\u00f3nicos, sin necesidad de procedimientos largos, lo que contribuir\u00e1 a agilizar la atenci\u00f3n de aclaraciones o inconformidades por parte de visitantes.<br><br>Por su parte, el presidente y director general de Grupo Xcaret, Miguel Quintana Pali, subray\u00f3 que la satisfacci\u00f3n y confianza de quienes visitan sus parques, hoteles, tours y servicios tur\u00edsticos forma parte de una responsabilidad diaria para la empresa, por lo que trabajar de manera coordinada con la autoridad federal permitir\u00e1 mantener est\u00e1ndares de calidad m\u00e1s altos en la atenci\u00f3n al visitante.<br><br>\u00abEn Grupo Xcaret compartimos plenamente esta visi\u00f3n, nos mueve la condici\u00f3n de que cada visitante, hu\u00e9sped y viajero merece vivir experiencias memorables, aut\u00e9nticas y de la m\u00e1s alta calidad. Por ello, la satisfacci\u00f3n de quienes nos eligen no es \u00fanicamente un objetivo operativo, sino una responsabilidad diaria que gu\u00eda cada decisi\u00f3n que tomamos\u00bb, afirm\u00f3.<\/p>\n","protected":false},"excerpt":{"rendered":"<p>Con el objetivo de garantizar servicios tur\u00edsticos m\u00e1s transparentes y fortalecer la protecci\u00f3n de los derechos de los consumidores, Grupo Xcaret firm\u00f3 tres convenios de colaboraci\u00f3n con la Procuradur\u00eda Federal del Consumidor (Profeco) este viernes 20 de febrero. Durante el acto protocolario, el procurador federal del consumidor, Iv\u00e1n Escalante Ruiz, destac\u00f3 que esta alianza representa [&hellip;]<\/p>\n","protected":false},"author":1,"featured_media":1692,"comment_status":"open","ping_status":"open","sticky":false,"template":"","format":"standard","meta":{"_jetpack_memberships_contains_paid_content":false,"footnotes":""},"categories":[4,5],"tags":[],"class_list":["post-1693","post","type-post","status-publish","format-standard","has-post-thumbnail","hentry","category-estados","category-mas-recientes"],"yoast_head":"<!-- This site is optimized with the Yoast SEO plugin v27.5 - https:\/\/yoast.com\/product\/yoast-seo-wordpress\/ -->\n<title>Grupo Xcaret firma convenio con Profeco para fortalecer derechos de los consumidores tur\u00edsticos - QRONEWS<\/title>\n<meta name=\"robots\" content=\"index, follow, max-snippet:-1, max-image-preview:large, max-video-preview:-1\" \/>\n<link rel=\"canonical\" href=\"https:\/\/qronews.info\/?p=1693\" \/>\n<meta property=\"og:locale\" content=\"es_ES\" \/>\n<meta property=\"og:type\" content=\"article\" \/>\n<meta property=\"og:title\" content=\"Grupo Xcaret firma convenio con Profeco para fortalecer derechos de los consumidores tur\u00edsticos - QRONEWS\" \/>\n<meta property=\"og:description\" content=\"Con el objetivo de garantizar servicios tur\u00edsticos m\u00e1s transparentes y fortalecer la protecci\u00f3n de los derechos de los consumidores, Grupo Xcaret firm\u00f3 tres convenios de colaboraci\u00f3n con la Procuradur\u00eda Federal del Consumidor (Profeco) este viernes 20 de febrero. Durante el acto protocolario, el procurador federal del consumidor, Iv\u00e1n Escalante Ruiz, destac\u00f3 que esta alianza representa [&hellip;]\" \/>\n<meta property=\"og:url\" content=\"https:\/\/qronews.info\/?p=1693\" \/>\n<meta property=\"og:site_name\" content=\"QRONEWS\" \/>\n<meta property=\"article:published_time\" content=\"2026-02-21T19:35:42+00:00\" \/>\n<meta property=\"article:modified_time\" content=\"2026-03-16T19:36:15+00:00\" \/>\n<meta property=\"og:image\" content=\"https:\/\/qronews.info\/wp-content\/uploads\/2026\/03\/xcaret_20defebredeo.webp\" \/>\n\t<meta property=\"og:image:width\" content=\"1280\" \/>\n\t<meta property=\"og:image:height\" content=\"963\" \/>\n\t<meta property=\"og:image:type\" content=\"image\/webp\" \/>\n<meta name=\"author\" content=\"admin\" \/>\n<meta name=\"twitter:card\" content=\"summary_large_image\" \/>\n<meta name=\"twitter:label1\" content=\"Escrito por\" \/>\n\t<meta name=\"twitter:data1\" content=\"admin\" \/>\n\t<meta name=\"twitter:label2\" content=\"Tiempo de lectura\" \/>\n\t<meta name=\"twitter:data2\" content=\"3 minutos\" \/>\n<script type=\"application\/ld+json\" class=\"yoast-schema-graph\">{\"@context\":\"https:\\\/\\\/schema.org\",\"@graph\":[{\"@type\":\"Article\",\"@id\":\"https:\\\/\\\/qronews.info\\\/?p=1693#article\",\"isPartOf\":{\"@id\":\"https:\\\/\\\/qronews.info\\\/?p=1693\"},\"author\":{\"name\":\"admin\",\"@id\":\"https:\\\/\\\/qronews.info\\\/#\\\/schema\\\/person\\\/a61b4145afe681f030552547c001d400\"},\"headline\":\"Grupo Xcaret firma convenio con Profeco para fortalecer derechos de los consumidores tur\u00edsticos\",\"datePublished\":\"2026-02-21T19:35:42+00:00\",\"dateModified\":\"2026-03-16T19:36:15+00:00\",\"mainEntityOfPage\":{\"@id\":\"https:\\\/\\\/qronews.info\\\/?p=1693\"},\"wordCount\":515,\"commentCount\":0,\"image\":{\"@id\":\"https:\\\/\\\/qronews.info\\\/?p=1693#primaryimage\"},\"thumbnailUrl\":\"https:\\\/\\\/qronews.info\\\/wp-content\\\/uploads\\\/2026\\\/03\\\/xcaret_20defebredeo.webp\",\"articleSection\":[\"Estado\",\"M\u00e1s recientes\"],\"inLanguage\":\"es\",\"potentialAction\":[{\"@type\":\"CommentAction\",\"name\":\"Comment\",\"target\":[\"https:\\\/\\\/qronews.info\\\/?p=1693#respond\"]}]},{\"@type\":\"WebPage\",\"@id\":\"https:\\\/\\\/qronews.info\\\/?p=1693\",\"url\":\"https:\\\/\\\/qronews.info\\\/?p=1693\",\"name\":\"Grupo Xcaret firma convenio con Profeco para fortalecer derechos de los consumidores tur\u00edsticos - QRONEWS\",\"isPartOf\":{\"@id\":\"https:\\\/\\\/qronews.info\\\/#website\"},\"primaryImageOfPage\":{\"@id\":\"https:\\\/\\\/qronews.info\\\/?p=1693#primaryimage\"},\"image\":{\"@id\":\"https:\\\/\\\/qronews.info\\\/?p=1693#primaryimage\"},\"thumbnailUrl\":\"https:\\\/\\\/qronews.info\\\/wp-content\\\/uploads\\\/2026\\\/03\\\/xcaret_20defebredeo.webp\",\"datePublished\":\"2026-02-21T19:35:42+00:00\",\"dateModified\":\"2026-03-16T19:36:15+00:00\",\"author\":{\"@id\":\"https:\\\/\\\/qronews.info\\\/#\\\/schema\\\/person\\\/a61b4145afe681f030552547c001d400\"},\"breadcrumb\":{\"@id\":\"https:\\\/\\\/qronews.info\\\/?p=1693#breadcrumb\"},\"inLanguage\":\"es\",\"potentialAction\":[{\"@type\":\"ReadAction\",\"target\":[\"https:\\\/\\\/qronews.info\\\/?p=1693\"]}]},{\"@type\":\"ImageObject\",\"inLanguage\":\"es\",\"@id\":\"https:\\\/\\\/qronews.info\\\/?p=1693#primaryimage\",\"url\":\"https:\\\/\\\/qronews.info\\\/wp-content\\\/uploads\\\/2026\\\/03\\\/xcaret_20defebredeo.webp\",\"contentUrl\":\"https:\\\/\\\/qronews.info\\\/wp-content\\\/uploads\\\/2026\\\/03\\\/xcaret_20defebredeo.webp\",\"width\":1280,\"height\":963},{\"@type\":\"BreadcrumbList\",\"@id\":\"https:\\\/\\\/qronews.info\\\/?p=1693#breadcrumb\",\"itemListElement\":[{\"@type\":\"ListItem\",\"position\":1,\"name\":\"Portada\",\"item\":\"https:\\\/\\\/qronews.info\\\/\"},{\"@type\":\"ListItem\",\"position\":2,\"name\":\"Grupo Xcaret firma convenio con Profeco para fortalecer derechos de los consumidores tur\u00edsticos\"}]},{\"@type\":\"WebSite\",\"@id\":\"https:\\\/\\\/qronews.info\\\/#website\",\"url\":\"https:\\\/\\\/qronews.info\\\/\",\"name\":\"QRONEWS\",\"description\":\"La verdad en tiempo Real\",\"potentialAction\":[{\"@type\":\"SearchAction\",\"target\":{\"@type\":\"EntryPoint\",\"urlTemplate\":\"https:\\\/\\\/qronews.info\\\/?s={search_term_string}\"},\"query-input\":{\"@type\":\"PropertyValueSpecification\",\"valueRequired\":true,\"valueName\":\"search_term_string\"}}],\"inLanguage\":\"es\"},{\"@type\":\"Person\",\"@id\":\"https:\\\/\\\/qronews.info\\\/#\\\/schema\\\/person\\\/a61b4145afe681f030552547c001d400\",\"name\":\"admin\",\"image\":{\"@type\":\"ImageObject\",\"inLanguage\":\"es\",\"@id\":\"https:\\\/\\\/secure.gravatar.com\\\/avatar\\\/837353d0f04f6f7f1406ad605da7e87b22b3ae7d7179afd6e6d41ab847ba265f?s=96&d=mm&r=g\",\"url\":\"https:\\\/\\\/secure.gravatar.com\\\/avatar\\\/837353d0f04f6f7f1406ad605da7e87b22b3ae7d7179afd6e6d41ab847ba265f?s=96&d=mm&r=g\",\"contentUrl\":\"https:\\\/\\\/secure.gravatar.com\\\/avatar\\\/837353d0f04f6f7f1406ad605da7e87b22b3ae7d7179afd6e6d41ab847ba265f?s=96&d=mm&r=g\",\"caption\":\"admin\"},\"url\":\"https:\\\/\\\/qronews.info\\\/?author=1\"}]}<\/script>\n<!-- \/ Yoast SEO plugin. -->","yoast_head_json":{"title":"Grupo Xcaret firma convenio con Profeco para fortalecer derechos de los consumidores tur\u00edsticos - QRONEWS","robots":{"index":"index","follow":"follow","max-snippet":"max-snippet:-1","max-image-preview":"max-image-preview:large","max-video-preview":"max-video-preview:-1"},"canonical":"https:\/\/qronews.info\/?p=1693","og_locale":"es_ES","og_type":"article","og_title":"Grupo Xcaret firma convenio con Profeco para fortalecer derechos de los consumidores tur\u00edsticos - QRONEWS","og_description":"Con el objetivo de garantizar servicios tur\u00edsticos m\u00e1s transparentes y fortalecer la protecci\u00f3n de los derechos de los consumidores, Grupo Xcaret firm\u00f3 tres convenios de colaboraci\u00f3n con la Procuradur\u00eda Federal del Consumidor (Profeco) este viernes 20 de febrero. Durante el acto protocolario, el procurador federal del consumidor, Iv\u00e1n Escalante Ruiz, destac\u00f3 que esta alianza representa [&hellip;]","og_url":"https:\/\/qronews.info\/?p=1693","og_site_name":"QRONEWS","article_published_time":"2026-02-21T19:35:42+00:00","article_modified_time":"2026-03-16T19:36:15+00:00","og_image":[{"width":1280,"height":963,"url":"https:\/\/qronews.info\/wp-content\/uploads\/2026\/03\/xcaret_20defebredeo.webp","type":"image\/webp"}],"author":"admin","twitter_card":"summary_large_image","twitter_misc":{"Escrito por":"admin","Tiempo de lectura":"3 minutos"},"schema":{"@context":"https:\/\/schema.org","@graph":[{"@type":"Article","@id":"https:\/\/qronews.info\/?p=1693#article","isPartOf":{"@id":"https:\/\/qronews.info\/?p=1693"},"author":{"name":"admin","@id":"https:\/\/qronews.info\/#\/schema\/person\/a61b4145afe681f030552547c001d400"},"headline":"Grupo Xcaret firma convenio con Profeco para fortalecer derechos de los consumidores tur\u00edsticos","datePublished":"2026-02-21T19:35:42+00:00","dateModified":"2026-03-16T19:36:15+00:00","mainEntityOfPage":{"@id":"https:\/\/qronews.info\/?p=1693"},"wordCount":515,"commentCount":0,"image":{"@id":"https:\/\/qronews.info\/?p=1693#primaryimage"},"thumbnailUrl":"https:\/\/qronews.info\/wp-content\/uploads\/2026\/03\/xcaret_20defebredeo.webp","articleSection":["Estado","M\u00e1s recientes"],"inLanguage":"es","potentialAction":[{"@type":"CommentAction","name":"Comment","target":["https:\/\/qronews.info\/?p=1693#respond"]}]},{"@type":"WebPage","@id":"https:\/\/qronews.info\/?p=1693","url":"https:\/\/qronews.info\/?p=1693","name":"Grupo Xcaret firma convenio con Profeco para fortalecer derechos de los consumidores tur\u00edsticos - QRONEWS","isPartOf":{"@id":"https:\/\/qronews.info\/#website"},"primaryImageOfPage":{"@id":"https:\/\/qronews.info\/?p=1693#primaryimage"},"image":{"@id":"https:\/\/qronews.info\/?p=1693#primaryimage"},"thumbnailUrl":"https:\/\/qronews.info\/wp-content\/uploads\/2026\/03\/xcaret_20defebredeo.webp","datePublished":"2026-02-21T19:35:42+00:00","dateModified":"2026-03-16T19:36:15+00:00","author":{"@id":"https:\/\/qronews.info\/#\/schema\/person\/a61b4145afe681f030552547c001d400"},"breadcrumb":{"@id":"https:\/\/qronews.info\/?p=1693#breadcrumb"},"inLanguage":"es","potentialAction":[{"@type":"ReadAction","target":["https:\/\/qronews.info\/?p=1693"]}]},{"@type":"ImageObject","inLanguage":"es","@id":"https:\/\/qronews.info\/?p=1693#primaryimage","url":"https:\/\/qronews.info\/wp-content\/uploads\/2026\/03\/xcaret_20defebredeo.webp","contentUrl":"https:\/\/qronews.info\/wp-content\/uploads\/2026\/03\/xcaret_20defebredeo.webp","width":1280,"height":963},{"@type":"BreadcrumbList","@id":"https:\/\/qronews.info\/?p=1693#breadcrumb","itemListElement":[{"@type":"ListItem","position":1,"name":"Portada","item":"https:\/\/qronews.info\/"},{"@type":"ListItem","position":2,"name":"Grupo Xcaret firma convenio con Profeco para fortalecer derechos de los consumidores tur\u00edsticos"}]},{"@type":"WebSite","@id":"https:\/\/qronews.info\/#website","url":"https:\/\/qronews.info\/","name":"QRONEWS","description":"La verdad en tiempo Real","potentialAction":[{"@type":"SearchAction","target":{"@type":"EntryPoint","urlTemplate":"https:\/\/qronews.info\/?s={search_term_string}"},"query-input":{"@type":"PropertyValueSpecification","valueRequired":true,"valueName":"search_term_string"}}],"inLanguage":"es"},{"@type":"Person","@id":"https:\/\/qronews.info\/#\/schema\/person\/a61b4145afe681f030552547c001d400","name":"admin","image":{"@type":"ImageObject","inLanguage":"es","@id":"https:\/\/secure.gravatar.com\/avatar\/837353d0f04f6f7f1406ad605da7e87b22b3ae7d7179afd6e6d41ab847ba265f?s=96&d=mm&r=g","url":"https:\/\/secure.gravatar.com\/avatar\/837353d0f04f6f7f1406ad605da7e87b22b3ae7d7179afd6e6d41ab847ba265f?s=96&d=mm&r=g","contentUrl":"https:\/\/secure.gravatar.com\/avatar\/837353d0f04f6f7f1406ad605da7e87b22b3ae7d7179afd6e6d41ab847ba265f?s=96&d=mm&r=g","caption":"admin"},"url":"https:\/\/qronews.info\/?author=1"}]}},"jetpack_featured_media_url":"https:\/\/qronews.info\/wp-content\/uploads\/2026\/03\/xcaret_20defebredeo.webp","jetpack_sharing_enabled":true,"_links":{"self":[{"href":"https:\/\/qronews.info\/index.php?rest_route=\/wp\/v2\/posts\/1693","targetHints":{"allow":["GET"]}}],"collection":[{"href":"https:\/\/qronews.info\/index.php?rest_route=\/wp\/v2\/posts"}],"about":[{"href":"https:\/\/qronews.info\/index.php?rest_route=\/wp\/v2\/types\/post"}],"author":[{"embeddable":true,"href":"https:\/\/qronews.info\/index.php?rest_route=\/wp\/v2\/users\/1"}],"replies":[{"embeddable":true,"href":"https:\/\/qronews.info\/index.php?rest_route=%2Fwp%2Fv2%2Fcomments&post=1693"}],"version-history":[{"count":1,"href":"https:\/\/qronews.info\/index.php?rest_route=\/wp\/v2\/posts\/1693\/revisions"}],"predecessor-version":[{"id":1694,"href":"https:\/\/qronews.info\/index.php?rest_route=\/wp\/v2\/posts\/1693\/revisions\/1694"}],"wp:featuredmedia":[{"embeddable":true,"href":"https:\/\/qronews.info\/index.php?rest_route=\/wp\/v2\/media\/1692"}],"wp:attachment":[{"href":"https:\/\/qronews.info\/index.php?rest_route=%2Fwp%2Fv2%2Fmedia&parent=1693"}],"wp:term":[{"taxonomy":"category","embeddable":true,"href":"https:\/\/qronews.info\/index.php?rest_route=%2Fwp%2Fv2%2Fcategories&post=1693"},{"taxonomy":"post_tag","embeddable":true,"href":"https:\/\/qronews.info\/index.php?rest_route=%2Fwp%2Fv2%2Ftags&post=1693"}],"curies":[{"name":"wp","href":"https:\/\/api.w.org\/{rel}","templated":true}]}}