{"id":1457,"date":"2025-11-13T12:03:53","date_gmt":"2025-11-13T17:03:53","guid":{"rendered":"https:\/\/qronews.info\/?p=1457"},"modified":"2025-12-01T12:04:59","modified_gmt":"2025-12-01T17:04:59","slug":"encabeza-segob-tercera-sesion-ordinaria-del-subcomite-especial-de-proteccion-de-los-derechos-humanos","status":"publish","type":"post","link":"https:\/\/qronews.info\/?p=1457","title":{"rendered":"Encabeza SEGOB Tercera Sesi\u00f3n Ordinaria del Subcomit\u00e9 Especial de Protecci\u00f3n de los Derechos Humanos"},"content":{"rendered":"\n<p>-Vinculaci\u00f3n con organismos internacionales para garantizar pleno ejercicio de los derechos humanos de las y los quintanarroenses<br> <br>Chetumal.- Presidida por la secretaria de Gobierno, Cristina Torres G\u00f3mez, se realiz\u00f3 la Tercera Sesi\u00f3n Ordinaria del Subcomit\u00e9 Especial de Protecci\u00f3n de los Derechos Humanos, durante la cual se present\u00f3 el pre cierre de programas y acciones realizadas para garantizar el pleno ejercicio de los derechos humanos de las y los quintanarroenses.<br> <br>Se destac\u00f3 que, entre las principales acciones emprendidas durante el presente a\u00f1o, se encuentran la colaboraci\u00f3n con organismos internacionales, como la Organizaci\u00f3n de las Naciones Unidas (ONU) y la capacitaci\u00f3n de las personas servidoras p\u00fablicas.<br> <br>En tal sentido, se detall\u00f3 el convenio de colaboraci\u00f3n que el Gobierno del Estado firm\u00f3 con el Fondo de las Naciones Unidas para la Infancia (UNICEF), en octubre pasado, con el prop\u00f3sito de reforzar las acciones orientadas al respeto, garant\u00eda y promoci\u00f3n de los derechos de ni\u00f1as, ni\u00f1os y adolescentes.<br> <br>Antes, en septiembre, el gobierno de la transformaci\u00f3n, humanista con coraz\u00f3n feminista, que preside la gobernadora Mara Lezama Espinosa, firm\u00f3 un Acuerdo Solidario con la Asociaci\u00f3n ECPAT Internacional (End Child Prostitution Child Pronography And Trafficking Of Children For Sexual Puporses) para proteger a la infancia de la explotaci\u00f3n sexual, pornograf\u00eda y el tr\u00e1fico infantil.<br> <br>Asimismo, la Secretar\u00eda de Gobierno (SEGOB), a trav\u00e9s de la Subsecretar\u00eda de Derechos Humanos, fortific\u00f3 las estrategias de capacitaci\u00f3n de las personas servidoras p\u00fablicas, a fin de consolidar una administraci\u00f3n estatal que privilegia la atenci\u00f3n con perspectiva de derechos humanos.<br> <br>En este contexto, se detall\u00f3 que capacitaron a 24 mil 527 personas servidoras p\u00fablicas estatales y municipales, adem\u00e1s de que se realizaron acciones de sensibilizaron y difusi\u00f3n de materiales informativos en redes sociales con un alcance de 253 mil 901 impactos.<br> <br>Como parte del Nuevo Acuerdo por el Bienestar y Desarrollo de Quintana Roo que impulsa la gobernadora Mara Lezama, se resaltaron las estrategias interinstitucionales para prevenir delitos como la trata de personas, la explotaci\u00f3n laboral infantil y prevenci\u00f3n de la violencia contra la primera infancia.<br> <br>Cristina Torres dej\u00f3 en claro que el gobierno encabezado por Mara Lezama Espinosa, trabaja permanentemente en la promoci\u00f3n y garant\u00eda de los derechos de las personas, siempre con base en el respeto a la dignidad humana.<br> <br>A la sesi\u00f3n acudieron representantes de instancias como la delegaci\u00f3n estatal de la Secretar\u00eda de Gobernaci\u00f3n, de los poderes Legislativo y Judicial, de dependencias estatales y de los Ayuntamientos.<br><br>cgc.qroo.gob.mx<br>qroo.gob.mx<\/p>\n","protected":false},"excerpt":{"rendered":"<p>-Vinculaci\u00f3n con organismos internacionales para garantizar pleno ejercicio de los derechos humanos de las y los quintanarroenses Chetumal.- Presidida por la secretaria de Gobierno, Cristina Torres G\u00f3mez, se realiz\u00f3 la Tercera Sesi\u00f3n Ordinaria del Subcomit\u00e9 Especial de Protecci\u00f3n de los Derechos Humanos, durante la cual se present\u00f3 el pre cierre de programas y acciones realizadas [&hellip;]<\/p>\n","protected":false},"author":1,"featured_media":1456,"comment_status":"open","ping_status":"open","sticky":false,"template":"","format":"standard","meta":{"_jetpack_memberships_contains_paid_content":false,"footnotes":""},"categories":[4,5],"tags":[],"class_list":["post-1457","post","type-post","status-publish","format-standard","has-post-thumbnail","hentry","category-estados","category-mas-recientes"],"yoast_head":"<!-- This site is optimized with the Yoast SEO plugin v27.5 - https:\/\/yoast.com\/product\/yoast-seo-wordpress\/ -->\n<title>Encabeza SEGOB Tercera Sesi\u00f3n Ordinaria del Subcomit\u00e9 Especial de Protecci\u00f3n de los Derechos Humanos - QRONEWS<\/title>\n<meta name=\"robots\" content=\"index, follow, max-snippet:-1, max-image-preview:large, max-video-preview:-1\" \/>\n<link rel=\"canonical\" href=\"https:\/\/qronews.info\/?p=1457\" \/>\n<meta property=\"og:locale\" content=\"es_ES\" \/>\n<meta property=\"og:type\" content=\"article\" \/>\n<meta property=\"og:title\" content=\"Encabeza SEGOB Tercera Sesi\u00f3n Ordinaria del Subcomit\u00e9 Especial de Protecci\u00f3n de los Derechos Humanos - QRONEWS\" \/>\n<meta property=\"og:description\" content=\"-Vinculaci\u00f3n con organismos internacionales para garantizar pleno ejercicio de los derechos humanos de las y los quintanarroenses Chetumal.- Presidida por la secretaria de Gobierno, Cristina Torres G\u00f3mez, se realiz\u00f3 la Tercera Sesi\u00f3n Ordinaria del Subcomit\u00e9 Especial de Protecci\u00f3n de los Derechos Humanos, durante la cual se present\u00f3 el pre cierre de programas y acciones realizadas [&hellip;]\" \/>\n<meta property=\"og:url\" content=\"https:\/\/qronews.info\/?p=1457\" \/>\n<meta property=\"og:site_name\" content=\"QRONEWS\" \/>\n<meta property=\"article:published_time\" content=\"2025-11-13T17:03:53+00:00\" \/>\n<meta property=\"article:modified_time\" content=\"2025-12-01T17:04:59+00:00\" \/>\n<meta property=\"og:image\" content=\"https:\/\/qronews.info\/wp-content\/uploads\/2025\/12\/IMG-20251112-WA0006.jpg\" \/>\n\t<meta property=\"og:image:width\" content=\"1340\" \/>\n\t<meta property=\"og:image:height\" content=\"1066\" \/>\n\t<meta property=\"og:image:type\" content=\"image\/jpeg\" \/>\n<meta name=\"author\" content=\"admin\" \/>\n<meta name=\"twitter:card\" content=\"summary_large_image\" \/>\n<meta name=\"twitter:label1\" content=\"Escrito por\" \/>\n\t<meta name=\"twitter:data1\" content=\"admin\" \/>\n\t<meta name=\"twitter:label2\" content=\"Tiempo de lectura\" \/>\n\t<meta name=\"twitter:data2\" content=\"2 minutos\" \/>\n<script type=\"application\/ld+json\" class=\"yoast-schema-graph\">{\"@context\":\"https:\\\/\\\/schema.org\",\"@graph\":[{\"@type\":\"Article\",\"@id\":\"https:\\\/\\\/qronews.info\\\/?p=1457#article\",\"isPartOf\":{\"@id\":\"https:\\\/\\\/qronews.info\\\/?p=1457\"},\"author\":{\"name\":\"admin\",\"@id\":\"https:\\\/\\\/qronews.info\\\/#\\\/schema\\\/person\\\/a61b4145afe681f030552547c001d400\"},\"headline\":\"Encabeza SEGOB Tercera Sesi\u00f3n Ordinaria del Subcomit\u00e9 Especial de Protecci\u00f3n de los Derechos Humanos\",\"datePublished\":\"2025-11-13T17:03:53+00:00\",\"dateModified\":\"2025-12-01T17:04:59+00:00\",\"mainEntityOfPage\":{\"@id\":\"https:\\\/\\\/qronews.info\\\/?p=1457\"},\"wordCount\":457,\"commentCount\":0,\"image\":{\"@id\":\"https:\\\/\\\/qronews.info\\\/?p=1457#primaryimage\"},\"thumbnailUrl\":\"https:\\\/\\\/qronews.info\\\/wp-content\\\/uploads\\\/2025\\\/12\\\/IMG-20251112-WA0006.jpg\",\"articleSection\":[\"Estado\",\"M\u00e1s recientes\"],\"inLanguage\":\"es\",\"potentialAction\":[{\"@type\":\"CommentAction\",\"name\":\"Comment\",\"target\":[\"https:\\\/\\\/qronews.info\\\/?p=1457#respond\"]}]},{\"@type\":\"WebPage\",\"@id\":\"https:\\\/\\\/qronews.info\\\/?p=1457\",\"url\":\"https:\\\/\\\/qronews.info\\\/?p=1457\",\"name\":\"Encabeza SEGOB Tercera Sesi\u00f3n Ordinaria del Subcomit\u00e9 Especial de Protecci\u00f3n de los Derechos Humanos - QRONEWS\",\"isPartOf\":{\"@id\":\"https:\\\/\\\/qronews.info\\\/#website\"},\"primaryImageOfPage\":{\"@id\":\"https:\\\/\\\/qronews.info\\\/?p=1457#primaryimage\"},\"image\":{\"@id\":\"https:\\\/\\\/qronews.info\\\/?p=1457#primaryimage\"},\"thumbnailUrl\":\"https:\\\/\\\/qronews.info\\\/wp-content\\\/uploads\\\/2025\\\/12\\\/IMG-20251112-WA0006.jpg\",\"datePublished\":\"2025-11-13T17:03:53+00:00\",\"dateModified\":\"2025-12-01T17:04:59+00:00\",\"author\":{\"@id\":\"https:\\\/\\\/qronews.info\\\/#\\\/schema\\\/person\\\/a61b4145afe681f030552547c001d400\"},\"breadcrumb\":{\"@id\":\"https:\\\/\\\/qronews.info\\\/?p=1457#breadcrumb\"},\"inLanguage\":\"es\",\"potentialAction\":[{\"@type\":\"ReadAction\",\"target\":[\"https:\\\/\\\/qronews.info\\\/?p=1457\"]}]},{\"@type\":\"ImageObject\",\"inLanguage\":\"es\",\"@id\":\"https:\\\/\\\/qronews.info\\\/?p=1457#primaryimage\",\"url\":\"https:\\\/\\\/qronews.info\\\/wp-content\\\/uploads\\\/2025\\\/12\\\/IMG-20251112-WA0006.jpg\",\"contentUrl\":\"https:\\\/\\\/qronews.info\\\/wp-content\\\/uploads\\\/2025\\\/12\\\/IMG-20251112-WA0006.jpg\",\"width\":1340,\"height\":1066},{\"@type\":\"BreadcrumbList\",\"@id\":\"https:\\\/\\\/qronews.info\\\/?p=1457#breadcrumb\",\"itemListElement\":[{\"@type\":\"ListItem\",\"position\":1,\"name\":\"Portada\",\"item\":\"https:\\\/\\\/qronews.info\\\/\"},{\"@type\":\"ListItem\",\"position\":2,\"name\":\"Encabeza SEGOB Tercera Sesi\u00f3n Ordinaria del Subcomit\u00e9 Especial de Protecci\u00f3n de los Derechos Humanos\"}]},{\"@type\":\"WebSite\",\"@id\":\"https:\\\/\\\/qronews.info\\\/#website\",\"url\":\"https:\\\/\\\/qronews.info\\\/\",\"name\":\"QRONEWS\",\"description\":\"La verdad en tiempo Real\",\"potentialAction\":[{\"@type\":\"SearchAction\",\"target\":{\"@type\":\"EntryPoint\",\"urlTemplate\":\"https:\\\/\\\/qronews.info\\\/?s={search_term_string}\"},\"query-input\":{\"@type\":\"PropertyValueSpecification\",\"valueRequired\":true,\"valueName\":\"search_term_string\"}}],\"inLanguage\":\"es\"},{\"@type\":\"Person\",\"@id\":\"https:\\\/\\\/qronews.info\\\/#\\\/schema\\\/person\\\/a61b4145afe681f030552547c001d400\",\"name\":\"admin\",\"image\":{\"@type\":\"ImageObject\",\"inLanguage\":\"es\",\"@id\":\"https:\\\/\\\/secure.gravatar.com\\\/avatar\\\/837353d0f04f6f7f1406ad605da7e87b22b3ae7d7179afd6e6d41ab847ba265f?s=96&d=mm&r=g\",\"url\":\"https:\\\/\\\/secure.gravatar.com\\\/avatar\\\/837353d0f04f6f7f1406ad605da7e87b22b3ae7d7179afd6e6d41ab847ba265f?s=96&d=mm&r=g\",\"contentUrl\":\"https:\\\/\\\/secure.gravatar.com\\\/avatar\\\/837353d0f04f6f7f1406ad605da7e87b22b3ae7d7179afd6e6d41ab847ba265f?s=96&d=mm&r=g\",\"caption\":\"admin\"},\"url\":\"https:\\\/\\\/qronews.info\\\/?author=1\"}]}<\/script>\n<!-- \/ Yoast SEO plugin. -->","yoast_head_json":{"title":"Encabeza SEGOB Tercera Sesi\u00f3n Ordinaria del Subcomit\u00e9 Especial de Protecci\u00f3n de los Derechos Humanos - QRONEWS","robots":{"index":"index","follow":"follow","max-snippet":"max-snippet:-1","max-image-preview":"max-image-preview:large","max-video-preview":"max-video-preview:-1"},"canonical":"https:\/\/qronews.info\/?p=1457","og_locale":"es_ES","og_type":"article","og_title":"Encabeza SEGOB Tercera Sesi\u00f3n Ordinaria del Subcomit\u00e9 Especial de Protecci\u00f3n de los Derechos Humanos - QRONEWS","og_description":"-Vinculaci\u00f3n con organismos internacionales para garantizar pleno ejercicio de los derechos humanos de las y los quintanarroenses Chetumal.- Presidida por la secretaria de Gobierno, Cristina Torres G\u00f3mez, se realiz\u00f3 la Tercera Sesi\u00f3n Ordinaria del Subcomit\u00e9 Especial de Protecci\u00f3n de los Derechos Humanos, durante la cual se present\u00f3 el pre cierre de programas y acciones realizadas [&hellip;]","og_url":"https:\/\/qronews.info\/?p=1457","og_site_name":"QRONEWS","article_published_time":"2025-11-13T17:03:53+00:00","article_modified_time":"2025-12-01T17:04:59+00:00","og_image":[{"width":1340,"height":1066,"url":"https:\/\/qronews.info\/wp-content\/uploads\/2025\/12\/IMG-20251112-WA0006.jpg","type":"image\/jpeg"}],"author":"admin","twitter_card":"summary_large_image","twitter_misc":{"Escrito por":"admin","Tiempo de lectura":"2 minutos"},"schema":{"@context":"https:\/\/schema.org","@graph":[{"@type":"Article","@id":"https:\/\/qronews.info\/?p=1457#article","isPartOf":{"@id":"https:\/\/qronews.info\/?p=1457"},"author":{"name":"admin","@id":"https:\/\/qronews.info\/#\/schema\/person\/a61b4145afe681f030552547c001d400"},"headline":"Encabeza SEGOB Tercera Sesi\u00f3n Ordinaria del Subcomit\u00e9 Especial de Protecci\u00f3n de los Derechos Humanos","datePublished":"2025-11-13T17:03:53+00:00","dateModified":"2025-12-01T17:04:59+00:00","mainEntityOfPage":{"@id":"https:\/\/qronews.info\/?p=1457"},"wordCount":457,"commentCount":0,"image":{"@id":"https:\/\/qronews.info\/?p=1457#primaryimage"},"thumbnailUrl":"https:\/\/qronews.info\/wp-content\/uploads\/2025\/12\/IMG-20251112-WA0006.jpg","articleSection":["Estado","M\u00e1s recientes"],"inLanguage":"es","potentialAction":[{"@type":"CommentAction","name":"Comment","target":["https:\/\/qronews.info\/?p=1457#respond"]}]},{"@type":"WebPage","@id":"https:\/\/qronews.info\/?p=1457","url":"https:\/\/qronews.info\/?p=1457","name":"Encabeza SEGOB Tercera Sesi\u00f3n Ordinaria del Subcomit\u00e9 Especial de Protecci\u00f3n de los Derechos Humanos - QRONEWS","isPartOf":{"@id":"https:\/\/qronews.info\/#website"},"primaryImageOfPage":{"@id":"https:\/\/qronews.info\/?p=1457#primaryimage"},"image":{"@id":"https:\/\/qronews.info\/?p=1457#primaryimage"},"thumbnailUrl":"https:\/\/qronews.info\/wp-content\/uploads\/2025\/12\/IMG-20251112-WA0006.jpg","datePublished":"2025-11-13T17:03:53+00:00","dateModified":"2025-12-01T17:04:59+00:00","author":{"@id":"https:\/\/qronews.info\/#\/schema\/person\/a61b4145afe681f030552547c001d400"},"breadcrumb":{"@id":"https:\/\/qronews.info\/?p=1457#breadcrumb"},"inLanguage":"es","potentialAction":[{"@type":"ReadAction","target":["https:\/\/qronews.info\/?p=1457"]}]},{"@type":"ImageObject","inLanguage":"es","@id":"https:\/\/qronews.info\/?p=1457#primaryimage","url":"https:\/\/qronews.info\/wp-content\/uploads\/2025\/12\/IMG-20251112-WA0006.jpg","contentUrl":"https:\/\/qronews.info\/wp-content\/uploads\/2025\/12\/IMG-20251112-WA0006.jpg","width":1340,"height":1066},{"@type":"BreadcrumbList","@id":"https:\/\/qronews.info\/?p=1457#breadcrumb","itemListElement":[{"@type":"ListItem","position":1,"name":"Portada","item":"https:\/\/qronews.info\/"},{"@type":"ListItem","position":2,"name":"Encabeza SEGOB Tercera Sesi\u00f3n Ordinaria del Subcomit\u00e9 Especial de Protecci\u00f3n de los Derechos Humanos"}]},{"@type":"WebSite","@id":"https:\/\/qronews.info\/#website","url":"https:\/\/qronews.info\/","name":"QRONEWS","description":"La verdad en tiempo Real","potentialAction":[{"@type":"SearchAction","target":{"@type":"EntryPoint","urlTemplate":"https:\/\/qronews.info\/?s={search_term_string}"},"query-input":{"@type":"PropertyValueSpecification","valueRequired":true,"valueName":"search_term_string"}}],"inLanguage":"es"},{"@type":"Person","@id":"https:\/\/qronews.info\/#\/schema\/person\/a61b4145afe681f030552547c001d400","name":"admin","image":{"@type":"ImageObject","inLanguage":"es","@id":"https:\/\/secure.gravatar.com\/avatar\/837353d0f04f6f7f1406ad605da7e87b22b3ae7d7179afd6e6d41ab847ba265f?s=96&d=mm&r=g","url":"https:\/\/secure.gravatar.com\/avatar\/837353d0f04f6f7f1406ad605da7e87b22b3ae7d7179afd6e6d41ab847ba265f?s=96&d=mm&r=g","contentUrl":"https:\/\/secure.gravatar.com\/avatar\/837353d0f04f6f7f1406ad605da7e87b22b3ae7d7179afd6e6d41ab847ba265f?s=96&d=mm&r=g","caption":"admin"},"url":"https:\/\/qronews.info\/?author=1"}]}},"jetpack_featured_media_url":"https:\/\/qronews.info\/wp-content\/uploads\/2025\/12\/IMG-20251112-WA0006.jpg","jetpack_sharing_enabled":true,"_links":{"self":[{"href":"https:\/\/qronews.info\/index.php?rest_route=\/wp\/v2\/posts\/1457","targetHints":{"allow":["GET"]}}],"collection":[{"href":"https:\/\/qronews.info\/index.php?rest_route=\/wp\/v2\/posts"}],"about":[{"href":"https:\/\/qronews.info\/index.php?rest_route=\/wp\/v2\/types\/post"}],"author":[{"embeddable":true,"href":"https:\/\/qronews.info\/index.php?rest_route=\/wp\/v2\/users\/1"}],"replies":[{"embeddable":true,"href":"https:\/\/qronews.info\/index.php?rest_route=%2Fwp%2Fv2%2Fcomments&post=1457"}],"version-history":[{"count":1,"href":"https:\/\/qronews.info\/index.php?rest_route=\/wp\/v2\/posts\/1457\/revisions"}],"predecessor-version":[{"id":1458,"href":"https:\/\/qronews.info\/index.php?rest_route=\/wp\/v2\/posts\/1457\/revisions\/1458"}],"wp:featuredmedia":[{"embeddable":true,"href":"https:\/\/qronews.info\/index.php?rest_route=\/wp\/v2\/media\/1456"}],"wp:attachment":[{"href":"https:\/\/qronews.info\/index.php?rest_route=%2Fwp%2Fv2%2Fmedia&parent=1457"}],"wp:term":[{"taxonomy":"category","embeddable":true,"href":"https:\/\/qronews.info\/index.php?rest_route=%2Fwp%2Fv2%2Fcategories&post=1457"},{"taxonomy":"post_tag","embeddable":true,"href":"https:\/\/qronews.info\/index.php?rest_route=%2Fwp%2Fv2%2Ftags&post=1457"}],"curies":[{"name":"wp","href":"https:\/\/api.w.org\/{rel}","templated":true}]}}