{"id":1445,"date":"2025-11-10T11:50:30","date_gmt":"2025-11-10T16:50:30","guid":{"rendered":"https:\/\/qronews.info\/?p=1445"},"modified":"2025-12-01T11:50:58","modified_gmt":"2025-12-01T16:50:58","slug":"participa-la-sema-en-la-conmemoracion-por-los-30-anos-del-parque-ecologico-kabah","status":"publish","type":"post","link":"https:\/\/qronews.info\/?p=1445","title":{"rendered":"Participa la SEMA en la conmemoraci\u00f3n por los 30 a\u00f1os del Parque Ecol\u00f3gico Kabah"},"content":{"rendered":"\n<p>-Durante el evento se entregaron 10 reconocimientos a instituciones, colectivos y ciudadanos que han contribuido al desarrollo y conservaci\u00f3n del parque<br><br>Canc\u00fan. -El secretario de Ecolog\u00eda y Medio Ambiente, \u00d3scar R\u00e9bora, particip\u00f3 en la ceremonia conmemorativa por el 30 aniversario del Parque Ecol\u00f3gico Kabah, la primera \u00c1rea Natural Protegida decretada por el Gobierno del Estado, reafirmando el compromiso estatal con la protecci\u00f3n del patrimonio natural y la promoci\u00f3n de espacios verdes dentro de las zonas urbanas.<br><br>Durante el evento se entregaron 10 reconocimientos a instituciones, colectivos y ciudadanos que han contribuido al desarrollo y conservaci\u00f3n del parque a lo largo de estas tres d\u00e9cadas. Entre ellos al Colegio de Bi\u00f3logos de Quintana Roo, el Instituto Polit\u00e9cnico Nacional, DAC Quality Foods, el Colegio Kukulc\u00e1n y el grupo ecol\u00f3gico del CECyTE II, entre otros.<br><br>La jornada tambi\u00e9n incluy\u00f3 la proyecci\u00f3n de un video conmemorativo, la tradicional corte de pastel y exposiciones sobre los resultados del Inventario Forestal del Parque Kabah y del programa \u201cVamos de Pajareada\u201d, enfocado en la observaci\u00f3n y registro de aves locales.<br><br>En su intervenci\u00f3n, \u00d3scar R\u00e9bora reconoci\u00f3 el trabajo de las generaciones que han contribuido a la preservaci\u00f3n del parque, subrayando su papel esencial en la conservaci\u00f3n de la biodiversidad y en la mitigaci\u00f3n de los efectos del cambio clim\u00e1tico.<br><br>\u00abCelebrar tres d\u00e9cadas del Parque Kabah es celebrar el compromiso de nuestra comunidad con la naturaleza. Este espacio vivo conecta a las personas con la biodiversidad y nos recuerda que el desarrollo sostenible es posible cuando ciudadan\u00eda, academia y gobierno trabajan de la mano\u00bb, expres\u00f3.<br><br>La conmemoraci\u00f3n se llev\u00f3 a cabo en la explanada Chaca, con la participaci\u00f3n de la presidenta municipal de Benito Ju\u00e1rez, Ana Paty Peralta, la secretaria municipal de Ecolog\u00eda y Desarrollo Urbano, Nahielli Margarita Orozco Lozano; el director del Instituto de Biodiversidad y \u00c1reas Naturales Protegidas (IBANQROO), Javier Alberto Carballar Osorio; as\u00ed como representantes de asociaciones civiles, instituciones acad\u00e9micas y organizaciones ambientales.<br><br>Con esta celebraci\u00f3n la SEMA reafirma la visi\u00f3n del Gobierno del Estado de seguir fortaleciendo las pol\u00edticas p\u00fablicas en favor del medio ambiente y las \u00c1reas Naturales Protegidas, impulsando una cultura de participaci\u00f3n ciudadana y educaci\u00f3n ambiental que contribuya a un Quintana Roo m\u00e1s consciente y sostenible como se establece en el Nuevo Acuerdo por el Bienestar y Desarrollo de Quintana Roo que promueve la gobernadora Mara Lezama Espinosa.<br><br>cgc.qroo.gob.mx<br>qroo.gob.mx<\/p>\n","protected":false},"excerpt":{"rendered":"<p>-Durante el evento se entregaron 10 reconocimientos a instituciones, colectivos y ciudadanos que han contribuido al desarrollo y conservaci\u00f3n del parque Canc\u00fan. -El secretario de Ecolog\u00eda y Medio Ambiente, \u00d3scar R\u00e9bora, particip\u00f3 en la ceremonia conmemorativa por el 30 aniversario del Parque Ecol\u00f3gico Kabah, la primera \u00c1rea Natural Protegida decretada por el Gobierno del Estado, [&hellip;]<\/p>\n","protected":false},"author":1,"featured_media":1444,"comment_status":"open","ping_status":"open","sticky":false,"template":"","format":"standard","meta":{"_jetpack_memberships_contains_paid_content":false,"footnotes":""},"categories":[4,5],"tags":[],"class_list":["post-1445","post","type-post","status-publish","format-standard","has-post-thumbnail","hentry","category-estados","category-mas-recientes"],"yoast_head":"<!-- This site is optimized with the Yoast SEO plugin v27.5 - https:\/\/yoast.com\/product\/yoast-seo-wordpress\/ -->\n<title>Participa la SEMA en la conmemoraci\u00f3n por los 30 a\u00f1os del Parque Ecol\u00f3gico Kabah - QRONEWS<\/title>\n<meta name=\"robots\" content=\"index, follow, max-snippet:-1, max-image-preview:large, max-video-preview:-1\" \/>\n<link rel=\"canonical\" href=\"https:\/\/qronews.info\/?p=1445\" \/>\n<meta property=\"og:locale\" content=\"es_ES\" \/>\n<meta property=\"og:type\" content=\"article\" \/>\n<meta property=\"og:title\" content=\"Participa la SEMA en la conmemoraci\u00f3n por los 30 a\u00f1os del Parque Ecol\u00f3gico Kabah - QRONEWS\" \/>\n<meta property=\"og:description\" content=\"-Durante el evento se entregaron 10 reconocimientos a instituciones, colectivos y ciudadanos que han contribuido al desarrollo y conservaci\u00f3n del parque Canc\u00fan. -El secretario de Ecolog\u00eda y Medio Ambiente, \u00d3scar R\u00e9bora, particip\u00f3 en la ceremonia conmemorativa por el 30 aniversario del Parque Ecol\u00f3gico Kabah, la primera \u00c1rea Natural Protegida decretada por el Gobierno del Estado, [&hellip;]\" \/>\n<meta property=\"og:url\" content=\"https:\/\/qronews.info\/?p=1445\" \/>\n<meta property=\"og:site_name\" content=\"QRONEWS\" \/>\n<meta property=\"article:published_time\" content=\"2025-11-10T16:50:30+00:00\" \/>\n<meta property=\"article:modified_time\" content=\"2025-12-01T16:50:58+00:00\" \/>\n<meta property=\"og:image\" content=\"https:\/\/qronews.info\/wp-content\/uploads\/2025\/12\/IMG-20251110-WA0055.jpg\" \/>\n\t<meta property=\"og:image:width\" content=\"1600\" \/>\n\t<meta property=\"og:image:height\" content=\"1066\" \/>\n\t<meta property=\"og:image:type\" content=\"image\/jpeg\" \/>\n<meta name=\"author\" content=\"admin\" \/>\n<meta name=\"twitter:card\" content=\"summary_large_image\" \/>\n<meta name=\"twitter:label1\" content=\"Escrito por\" \/>\n\t<meta name=\"twitter:data1\" content=\"admin\" \/>\n\t<meta name=\"twitter:label2\" content=\"Tiempo de lectura\" \/>\n\t<meta name=\"twitter:data2\" content=\"2 minutos\" \/>\n<script type=\"application\/ld+json\" class=\"yoast-schema-graph\">{\"@context\":\"https:\\\/\\\/schema.org\",\"@graph\":[{\"@type\":\"Article\",\"@id\":\"https:\\\/\\\/qronews.info\\\/?p=1445#article\",\"isPartOf\":{\"@id\":\"https:\\\/\\\/qronews.info\\\/?p=1445\"},\"author\":{\"name\":\"admin\",\"@id\":\"https:\\\/\\\/qronews.info\\\/#\\\/schema\\\/person\\\/a61b4145afe681f030552547c001d400\"},\"headline\":\"Participa la SEMA en la conmemoraci\u00f3n por los 30 a\u00f1os del Parque Ecol\u00f3gico Kabah\",\"datePublished\":\"2025-11-10T16:50:30+00:00\",\"dateModified\":\"2025-12-01T16:50:58+00:00\",\"mainEntityOfPage\":{\"@id\":\"https:\\\/\\\/qronews.info\\\/?p=1445\"},\"wordCount\":442,\"commentCount\":0,\"image\":{\"@id\":\"https:\\\/\\\/qronews.info\\\/?p=1445#primaryimage\"},\"thumbnailUrl\":\"https:\\\/\\\/qronews.info\\\/wp-content\\\/uploads\\\/2025\\\/12\\\/IMG-20251110-WA0055.jpg\",\"articleSection\":[\"Estado\",\"M\u00e1s recientes\"],\"inLanguage\":\"es\",\"potentialAction\":[{\"@type\":\"CommentAction\",\"name\":\"Comment\",\"target\":[\"https:\\\/\\\/qronews.info\\\/?p=1445#respond\"]}]},{\"@type\":\"WebPage\",\"@id\":\"https:\\\/\\\/qronews.info\\\/?p=1445\",\"url\":\"https:\\\/\\\/qronews.info\\\/?p=1445\",\"name\":\"Participa la SEMA en la conmemoraci\u00f3n por los 30 a\u00f1os del Parque Ecol\u00f3gico Kabah - QRONEWS\",\"isPartOf\":{\"@id\":\"https:\\\/\\\/qronews.info\\\/#website\"},\"primaryImageOfPage\":{\"@id\":\"https:\\\/\\\/qronews.info\\\/?p=1445#primaryimage\"},\"image\":{\"@id\":\"https:\\\/\\\/qronews.info\\\/?p=1445#primaryimage\"},\"thumbnailUrl\":\"https:\\\/\\\/qronews.info\\\/wp-content\\\/uploads\\\/2025\\\/12\\\/IMG-20251110-WA0055.jpg\",\"datePublished\":\"2025-11-10T16:50:30+00:00\",\"dateModified\":\"2025-12-01T16:50:58+00:00\",\"author\":{\"@id\":\"https:\\\/\\\/qronews.info\\\/#\\\/schema\\\/person\\\/a61b4145afe681f030552547c001d400\"},\"breadcrumb\":{\"@id\":\"https:\\\/\\\/qronews.info\\\/?p=1445#breadcrumb\"},\"inLanguage\":\"es\",\"potentialAction\":[{\"@type\":\"ReadAction\",\"target\":[\"https:\\\/\\\/qronews.info\\\/?p=1445\"]}]},{\"@type\":\"ImageObject\",\"inLanguage\":\"es\",\"@id\":\"https:\\\/\\\/qronews.info\\\/?p=1445#primaryimage\",\"url\":\"https:\\\/\\\/qronews.info\\\/wp-content\\\/uploads\\\/2025\\\/12\\\/IMG-20251110-WA0055.jpg\",\"contentUrl\":\"https:\\\/\\\/qronews.info\\\/wp-content\\\/uploads\\\/2025\\\/12\\\/IMG-20251110-WA0055.jpg\",\"width\":1600,\"height\":1066},{\"@type\":\"BreadcrumbList\",\"@id\":\"https:\\\/\\\/qronews.info\\\/?p=1445#breadcrumb\",\"itemListElement\":[{\"@type\":\"ListItem\",\"position\":1,\"name\":\"Portada\",\"item\":\"https:\\\/\\\/qronews.info\\\/\"},{\"@type\":\"ListItem\",\"position\":2,\"name\":\"Participa la SEMA en la conmemoraci\u00f3n por los 30 a\u00f1os del Parque Ecol\u00f3gico Kabah\"}]},{\"@type\":\"WebSite\",\"@id\":\"https:\\\/\\\/qronews.info\\\/#website\",\"url\":\"https:\\\/\\\/qronews.info\\\/\",\"name\":\"QRONEWS\",\"description\":\"La verdad en tiempo Real\",\"potentialAction\":[{\"@type\":\"SearchAction\",\"target\":{\"@type\":\"EntryPoint\",\"urlTemplate\":\"https:\\\/\\\/qronews.info\\\/?s={search_term_string}\"},\"query-input\":{\"@type\":\"PropertyValueSpecification\",\"valueRequired\":true,\"valueName\":\"search_term_string\"}}],\"inLanguage\":\"es\"},{\"@type\":\"Person\",\"@id\":\"https:\\\/\\\/qronews.info\\\/#\\\/schema\\\/person\\\/a61b4145afe681f030552547c001d400\",\"name\":\"admin\",\"image\":{\"@type\":\"ImageObject\",\"inLanguage\":\"es\",\"@id\":\"https:\\\/\\\/secure.gravatar.com\\\/avatar\\\/837353d0f04f6f7f1406ad605da7e87b22b3ae7d7179afd6e6d41ab847ba265f?s=96&d=mm&r=g\",\"url\":\"https:\\\/\\\/secure.gravatar.com\\\/avatar\\\/837353d0f04f6f7f1406ad605da7e87b22b3ae7d7179afd6e6d41ab847ba265f?s=96&d=mm&r=g\",\"contentUrl\":\"https:\\\/\\\/secure.gravatar.com\\\/avatar\\\/837353d0f04f6f7f1406ad605da7e87b22b3ae7d7179afd6e6d41ab847ba265f?s=96&d=mm&r=g\",\"caption\":\"admin\"},\"url\":\"https:\\\/\\\/qronews.info\\\/?author=1\"}]}<\/script>\n<!-- \/ Yoast SEO plugin. -->","yoast_head_json":{"title":"Participa la SEMA en la conmemoraci\u00f3n por los 30 a\u00f1os del Parque Ecol\u00f3gico Kabah - QRONEWS","robots":{"index":"index","follow":"follow","max-snippet":"max-snippet:-1","max-image-preview":"max-image-preview:large","max-video-preview":"max-video-preview:-1"},"canonical":"https:\/\/qronews.info\/?p=1445","og_locale":"es_ES","og_type":"article","og_title":"Participa la SEMA en la conmemoraci\u00f3n por los 30 a\u00f1os del Parque Ecol\u00f3gico Kabah - QRONEWS","og_description":"-Durante el evento se entregaron 10 reconocimientos a instituciones, colectivos y ciudadanos que han contribuido al desarrollo y conservaci\u00f3n del parque Canc\u00fan. -El secretario de Ecolog\u00eda y Medio Ambiente, \u00d3scar R\u00e9bora, particip\u00f3 en la ceremonia conmemorativa por el 30 aniversario del Parque Ecol\u00f3gico Kabah, la primera \u00c1rea Natural Protegida decretada por el Gobierno del Estado, [&hellip;]","og_url":"https:\/\/qronews.info\/?p=1445","og_site_name":"QRONEWS","article_published_time":"2025-11-10T16:50:30+00:00","article_modified_time":"2025-12-01T16:50:58+00:00","og_image":[{"width":1600,"height":1066,"url":"https:\/\/qronews.info\/wp-content\/uploads\/2025\/12\/IMG-20251110-WA0055.jpg","type":"image\/jpeg"}],"author":"admin","twitter_card":"summary_large_image","twitter_misc":{"Escrito por":"admin","Tiempo de lectura":"2 minutos"},"schema":{"@context":"https:\/\/schema.org","@graph":[{"@type":"Article","@id":"https:\/\/qronews.info\/?p=1445#article","isPartOf":{"@id":"https:\/\/qronews.info\/?p=1445"},"author":{"name":"admin","@id":"https:\/\/qronews.info\/#\/schema\/person\/a61b4145afe681f030552547c001d400"},"headline":"Participa la SEMA en la conmemoraci\u00f3n por los 30 a\u00f1os del Parque Ecol\u00f3gico Kabah","datePublished":"2025-11-10T16:50:30+00:00","dateModified":"2025-12-01T16:50:58+00:00","mainEntityOfPage":{"@id":"https:\/\/qronews.info\/?p=1445"},"wordCount":442,"commentCount":0,"image":{"@id":"https:\/\/qronews.info\/?p=1445#primaryimage"},"thumbnailUrl":"https:\/\/qronews.info\/wp-content\/uploads\/2025\/12\/IMG-20251110-WA0055.jpg","articleSection":["Estado","M\u00e1s recientes"],"inLanguage":"es","potentialAction":[{"@type":"CommentAction","name":"Comment","target":["https:\/\/qronews.info\/?p=1445#respond"]}]},{"@type":"WebPage","@id":"https:\/\/qronews.info\/?p=1445","url":"https:\/\/qronews.info\/?p=1445","name":"Participa la SEMA en la conmemoraci\u00f3n por los 30 a\u00f1os del Parque Ecol\u00f3gico Kabah - QRONEWS","isPartOf":{"@id":"https:\/\/qronews.info\/#website"},"primaryImageOfPage":{"@id":"https:\/\/qronews.info\/?p=1445#primaryimage"},"image":{"@id":"https:\/\/qronews.info\/?p=1445#primaryimage"},"thumbnailUrl":"https:\/\/qronews.info\/wp-content\/uploads\/2025\/12\/IMG-20251110-WA0055.jpg","datePublished":"2025-11-10T16:50:30+00:00","dateModified":"2025-12-01T16:50:58+00:00","author":{"@id":"https:\/\/qronews.info\/#\/schema\/person\/a61b4145afe681f030552547c001d400"},"breadcrumb":{"@id":"https:\/\/qronews.info\/?p=1445#breadcrumb"},"inLanguage":"es","potentialAction":[{"@type":"ReadAction","target":["https:\/\/qronews.info\/?p=1445"]}]},{"@type":"ImageObject","inLanguage":"es","@id":"https:\/\/qronews.info\/?p=1445#primaryimage","url":"https:\/\/qronews.info\/wp-content\/uploads\/2025\/12\/IMG-20251110-WA0055.jpg","contentUrl":"https:\/\/qronews.info\/wp-content\/uploads\/2025\/12\/IMG-20251110-WA0055.jpg","width":1600,"height":1066},{"@type":"BreadcrumbList","@id":"https:\/\/qronews.info\/?p=1445#breadcrumb","itemListElement":[{"@type":"ListItem","position":1,"name":"Portada","item":"https:\/\/qronews.info\/"},{"@type":"ListItem","position":2,"name":"Participa la SEMA en la conmemoraci\u00f3n por los 30 a\u00f1os del Parque Ecol\u00f3gico Kabah"}]},{"@type":"WebSite","@id":"https:\/\/qronews.info\/#website","url":"https:\/\/qronews.info\/","name":"QRONEWS","description":"La verdad en tiempo Real","potentialAction":[{"@type":"SearchAction","target":{"@type":"EntryPoint","urlTemplate":"https:\/\/qronews.info\/?s={search_term_string}"},"query-input":{"@type":"PropertyValueSpecification","valueRequired":true,"valueName":"search_term_string"}}],"inLanguage":"es"},{"@type":"Person","@id":"https:\/\/qronews.info\/#\/schema\/person\/a61b4145afe681f030552547c001d400","name":"admin","image":{"@type":"ImageObject","inLanguage":"es","@id":"https:\/\/secure.gravatar.com\/avatar\/837353d0f04f6f7f1406ad605da7e87b22b3ae7d7179afd6e6d41ab847ba265f?s=96&d=mm&r=g","url":"https:\/\/secure.gravatar.com\/avatar\/837353d0f04f6f7f1406ad605da7e87b22b3ae7d7179afd6e6d41ab847ba265f?s=96&d=mm&r=g","contentUrl":"https:\/\/secure.gravatar.com\/avatar\/837353d0f04f6f7f1406ad605da7e87b22b3ae7d7179afd6e6d41ab847ba265f?s=96&d=mm&r=g","caption":"admin"},"url":"https:\/\/qronews.info\/?author=1"}]}},"jetpack_featured_media_url":"https:\/\/qronews.info\/wp-content\/uploads\/2025\/12\/IMG-20251110-WA0055.jpg","jetpack_sharing_enabled":true,"_links":{"self":[{"href":"https:\/\/qronews.info\/index.php?rest_route=\/wp\/v2\/posts\/1445","targetHints":{"allow":["GET"]}}],"collection":[{"href":"https:\/\/qronews.info\/index.php?rest_route=\/wp\/v2\/posts"}],"about":[{"href":"https:\/\/qronews.info\/index.php?rest_route=\/wp\/v2\/types\/post"}],"author":[{"embeddable":true,"href":"https:\/\/qronews.info\/index.php?rest_route=\/wp\/v2\/users\/1"}],"replies":[{"embeddable":true,"href":"https:\/\/qronews.info\/index.php?rest_route=%2Fwp%2Fv2%2Fcomments&post=1445"}],"version-history":[{"count":1,"href":"https:\/\/qronews.info\/index.php?rest_route=\/wp\/v2\/posts\/1445\/revisions"}],"predecessor-version":[{"id":1446,"href":"https:\/\/qronews.info\/index.php?rest_route=\/wp\/v2\/posts\/1445\/revisions\/1446"}],"wp:featuredmedia":[{"embeddable":true,"href":"https:\/\/qronews.info\/index.php?rest_route=\/wp\/v2\/media\/1444"}],"wp:attachment":[{"href":"https:\/\/qronews.info\/index.php?rest_route=%2Fwp%2Fv2%2Fmedia&parent=1445"}],"wp:term":[{"taxonomy":"category","embeddable":true,"href":"https:\/\/qronews.info\/index.php?rest_route=%2Fwp%2Fv2%2Fcategories&post=1445"},{"taxonomy":"post_tag","embeddable":true,"href":"https:\/\/qronews.info\/index.php?rest_route=%2Fwp%2Fv2%2Ftags&post=1445"}],"curies":[{"name":"wp","href":"https:\/\/api.w.org\/{rel}","templated":true}]}}